{"id":52439,"date":"2020-08-21T05:01:00","date_gmt":"2020-08-21T08:01:00","guid":{"rendered":"http:\/\/progepe.ufpr.br\/portal\/?post_type=portarias&#038;p=52439"},"modified":"2023-08-03T13:20:16","modified_gmt":"2023-08-03T16:20:16","slug":"rt-2020-01300","status":"publish","type":"post","link":"https:\/\/progepe.ufpr.br\/portarias\/rt-2020-01300\/","title":{"rendered":"PORTARIA N\u00ba 01300\/REITORIA, DE 21 DE AGOSTO DE 2020"},"content":{"rendered":"\n<p><strong>A Vice-Reitora da Universidade\nFederal do Paran\u00e1, no exerc\u00edcio do cargo de Reitora, <\/strong>no uso de suas atribui\u00e7\u00f5es, tendo em vista o que\nconsta no Art. 50, \u00a7 1\u00ba do Estatuto desta Universidade e o que consta no\nprocesso n\u00ba 23075.034744\/2020-10,<\/p>\n\n\n\n<p>RESOLVE:<\/p>\n\n\n\n<p>I.\nNomear a servidora DENISE FUKUMI TSUNODA\n&#8211; 3170493, Professora\ndo Magist\u00e9rio Superior, lotada no Departamento de Ci\u00eancia e Gest\u00e3o da\nInforma\u00e7\u00e3o do Setor de Ci\u00eancias Sociais Aplicadas, no regime de trabalho de\ndedica\u00e7\u00e3o exclusiva, para exercer a Fun\u00e7\u00e3o de Coordenadora de Curso de\nGradua\u00e7\u00e3o do Setor de Ci\u00eancias Sociais Aplicadas, FCC &#8211; Fun\u00e7\u00e3o Comissionada de\nCoordena\u00e7\u00e3o de Curso (Curso de Gest\u00e3o da Informa\u00e7\u00e3o),\nautorizada pela Lei n\u00ba 12.677, de 25 de junho de 2012, publicada no DOU de\n26.06.2012 e Portaria do MEC n\u00ba 1.172, de 17 de setembro de 2012, pelo per\u00edodo\nde 02 (dois) anos, a partir da data de publica\u00e7\u00e3o em DOU, de acordo com a Lei\nn\u00ba 9.527\/97.<\/p>\n\n\n\n<p>II. A mencionada servidora cumprir\u00e1, obrigatoriamente, o\nregime de trabalho de tempo integral, de acordo com o disposto no \u00a7 5\u00ba, artigo\n1\u00ba da Lei n\u00ba 8.168\/91.<\/p>\n\n\n\n<p style=\"text-align:right\">Graciela Ines Bolzon de Muniz<\/p>\n","protected":false},"excerpt":{"rendered":"<p>I. Nomear a servidora DENISE FUKUMI TSUNODA &#8211; 3170493, Professora do Magist\u00e9rio Superior, lotada no Departamento de Ci\u00eancia e Gest\u00e3o da Informa\u00e7\u00e3o do Setor de Ci\u00eancias Sociais Aplicadas, no regime de trabalho de dedica\u00e7\u00e3o exclusiva, para exercer a Fun\u00e7\u00e3o de Coordenadora de Curso de Gradua\u00e7\u00e3o do Setor de Ci\u00eancias Sociais Aplicadas, FCC &#8211; Fun\u00e7\u00e3o Comissionada de Coordena\u00e7\u00e3o de Curso (Curso de Gest\u00e3o da Informa\u00e7\u00e3o), autorizada pela Lei n\u00ba 12.677, de 25 de junho de 2012, publicada no DOU de 26.06.2012 e Portaria do MEC n\u00ba 1.172, de 17 de setembro de 2012, pelo per\u00edodo de 02 (dois) anos,<\/p>\n","protected":false},"author":49,"featured_media":0,"comment_status":"closed","ping_status":"closed","sticky":false,"template":"","format":"standard","meta":{"_acf_changed":false,"iawp_total_views":0,"footnotes":""},"categories":[117],"tags":[120],"class_list":["post-52439","post","type-post","status-publish","format-standard","hentry","category-rt","tag-funcao"],"acf":[],"_links":{"self":[{"href":"https:\/\/progepe.ufpr.br\/portarias\/wp-json\/wp\/v2\/posts\/52439","targetHints":{"allow":["GET"]}}],"collection":[{"href":"https:\/\/progepe.ufpr.br\/portarias\/wp-json\/wp\/v2\/posts"}],"about":[{"href":"https:\/\/progepe.ufpr.br\/portarias\/wp-json\/wp\/v2\/types\/post"}],"author":[{"embeddable":true,"href":"https:\/\/progepe.ufpr.br\/portarias\/wp-json\/wp\/v2\/users\/49"}],"replies":[{"embeddable":true,"href":"https:\/\/progepe.ufpr.br\/portarias\/wp-json\/wp\/v2\/comments?post=52439"}],"version-history":[{"count":1,"href":"https:\/\/progepe.ufpr.br\/portarias\/wp-json\/wp\/v2\/posts\/52439\/revisions"}],"predecessor-version":[{"id":195476,"href":"https:\/\/progepe.ufpr.br\/portarias\/wp-json\/wp\/v2\/posts\/52439\/revisions\/195476"}],"wp:attachment":[{"href":"https:\/\/progepe.ufpr.br\/portarias\/wp-json\/wp\/v2\/media?parent=52439"}],"wp:term":[{"taxonomy":"category","embeddable":true,"href":"https:\/\/progepe.ufpr.br\/portarias\/wp-json\/wp\/v2\/categories?post=52439"},{"taxonomy":"post_tag","embeddable":true,"href":"https:\/\/progepe.ufpr.br\/portarias\/wp-json\/wp\/v2\/tags?post=52439"}],"curies":[{"name":"wp","href":"https:\/\/api.w.org\/{rel}","templated":true}]}}