{"id":52491,"date":"2020-08-25T05:07:00","date_gmt":"2020-08-25T08:07:00","guid":{"rendered":"http:\/\/progepe.ufpr.br\/portal\/?post_type=portarias&#038;p=52491"},"modified":"2023-08-03T13:20:18","modified_gmt":"2023-08-03T16:20:18","slug":"rt-2020-01313","status":"publish","type":"post","link":"https:\/\/progepe.ufpr.br\/portarias\/rt-2020-01313\/","title":{"rendered":"PORTARIA N\u00ba 01313\/REITORIA, DE 25 DE AGOSTO DE 2020"},"content":{"rendered":"\n<p><strong>A\nVice-Reitora da Universidade Federal do Paran\u00e1, no exerc\u00edcio do cargo de\nReitoria, <\/strong>no uso de suas atribui\u00e7\u00f5es e tendo em vista o que consta no processo n\u00ba\n23075.043621\/2020-61,<\/p>\n\n\n\n<p>RESOLVE:<\/p>\n\n\n\n<p>Exonerar,\na pedido, a partir de 18 de agosto de 2020, a servidora PAOLA CAVALHEIRO\nPONCIANO &#8211; 1087115, Professora do Magist\u00e9rio\nSuperior, lotada no Departamento de Sociais e Humanas do Setor Palotina, no\nregime de trabalho de dedica\u00e7\u00e3o exclusiva, da Fun\u00e7\u00e3o de Vice-Coordenadora de\nCurso de Gradua\u00e7\u00e3o do Setor Palotina (Curso de Licenciatura em Computa\u00e7\u00e3o).<\/p>\n\n\n\n<p style=\"text-align:right\">Graciela Ines\nBolzon de Muniz<\/p>\n","protected":false},"excerpt":{"rendered":"<p>Exonerar, a pedido, a partir de 18 de agosto de 2020, a servidora PAOLA CAVALHEIRO PONCIANO &#8211; 1087115, Professora do Magist\u00e9rio Superior, lotada no Departamento de Sociais e Humanas do Setor Palotina, no regime de trabalho de dedica\u00e7\u00e3o exclusiva, da Fun\u00e7\u00e3o de Vice-Coordenadora de Curso de Gradua\u00e7\u00e3o do Setor Palotina (Curso de Licenciatura em Computa\u00e7\u00e3o).  <!-- wp:paragraph {\"align\":\"right\"} \n\n<p style=\"text-align:right\">Graciela Ines Bolzon de Muniz\n<\/p>\n","protected":false},"author":49,"featured_media":0,"comment_status":"closed","ping_status":"closed","sticky":false,"template":"","format":"standard","meta":{"_acf_changed":false,"iawp_total_views":0,"footnotes":""},"categories":[117],"tags":[120],"class_list":["post-52491","post","type-post","status-publish","format-standard","hentry","category-rt","tag-funcao"],"acf":[],"_links":{"self":[{"href":"https:\/\/progepe.ufpr.br\/portarias\/wp-json\/wp\/v2\/posts\/52491","targetHints":{"allow":["GET"]}}],"collection":[{"href":"https:\/\/progepe.ufpr.br\/portarias\/wp-json\/wp\/v2\/posts"}],"about":[{"href":"https:\/\/progepe.ufpr.br\/portarias\/wp-json\/wp\/v2\/types\/post"}],"author":[{"embeddable":true,"href":"https:\/\/progepe.ufpr.br\/portarias\/wp-json\/wp\/v2\/users\/49"}],"replies":[{"embeddable":true,"href":"https:\/\/progepe.ufpr.br\/portarias\/wp-json\/wp\/v2\/comments?post=52491"}],"version-history":[{"count":1,"href":"https:\/\/progepe.ufpr.br\/portarias\/wp-json\/wp\/v2\/posts\/52491\/revisions"}],"predecessor-version":[{"id":195486,"href":"https:\/\/progepe.ufpr.br\/portarias\/wp-json\/wp\/v2\/posts\/52491\/revisions\/195486"}],"wp:attachment":[{"href":"https:\/\/progepe.ufpr.br\/portarias\/wp-json\/wp\/v2\/media?parent=52491"}],"wp:term":[{"taxonomy":"category","embeddable":true,"href":"https:\/\/progepe.ufpr.br\/portarias\/wp-json\/wp\/v2\/categories?post=52491"},{"taxonomy":"post_tag","embeddable":true,"href":"https:\/\/progepe.ufpr.br\/portarias\/wp-json\/wp\/v2\/tags?post=52491"}],"curies":[{"name":"wp","href":"https:\/\/api.w.org\/{rel}","templated":true}]}}