{"id":52633,"date":"2020-08-25T10:04:00","date_gmt":"2020-08-25T13:04:00","guid":{"rendered":"http:\/\/progepe.ufpr.br\/portal\/?post_type=portarias&#038;p=52633"},"modified":"2023-08-03T12:57:31","modified_gmt":"2023-08-03T15:57:31","slug":"progepe-2020-02385","status":"publish","type":"post","link":"https:\/\/progepe.ufpr.br\/portarias\/progepe-2020-02385\/","title":{"rendered":"PORTARIA N\u00ba 02385\/PROGEPE, DE 25 DE AGOSTO DE 2020"},"content":{"rendered":"\n<p><strong>O Pr\u00f3-Reitor de Gest\u00e3o de Pessoas da Universidade Federal do Paran\u00e1,<\/strong>\u00a0no  uso de suas atribui\u00e7\u00f5es, tendo em vista a compet\u00eancia que lhe \u00e9  conferida pela Portaria n\u00ba 2.590, de 26 de setembro de 1997; o que  consta no Art. 100 e 103 da Lei n\u00ba 8.112\/90 e ainda o contido no  processo n\u00ba 23075.007985\/2020-88, <\/p>\n\n\n\n<p>RESOLVE:<\/p>\n\n\n\n<p>Retificar a Portaria n\u00ba 578\/PROGEPE, de 17 \nde fevereiro de 2020, que averbou tempo de servi\u00e7o&nbsp;em favor do servidor \nLUIZ EDUARDO CROESY JENKINS &#8211; 2192163, ocupante do cargo de Auditor, \nlotado na Auditoria Interna da UFPR:<\/p>\n\n\n\n<p>Onde se l\u00ea:<\/p>\n\n\n\n<table class=\"wp-block-table\"><tbody><tr><td>\n\t\t\tEMPRESA\n\t\t\t<\/td><td>\n\t\t\tPER\u00cdODO\n\t\t\t<\/td><td>\n\t\t\tTOTAL DE DIAS\n\t\t\t<\/td><\/tr><tr><td>\n\t\t\tSOCIEDADE PARANAENSE DE ENSINO E INFORMATICA-SPEI\n\t\t\t<\/td><td>\n\t\t\t21\/04\/2005 a 10\/07\/2007\n\t\t\t<\/td><td>\n\t\t\t811\n\t\t\t<\/td><\/tr><\/tbody><\/table>\n\n\n\n<p>Leia-se:<\/p>\n\n\n\n<table class=\"wp-block-table\"><tbody><tr><td>\n\t\t\tEMPRESA\n\t\t\t<\/td><td>\n\t\t\tPER\u00cdODO\n\t\t\t<\/td><td>\n\t\t\tTOTAL DE DIAS\n\t\t\t<\/td><\/tr><tr><td>\n\t\t\tSOCIEDADE PARANAENSE DE ENSINO E INFORMATICA-SPEI\n\t\t\t<\/td><td>\n\t\t\t21\/04\/2005 a 31\/07\/2005\n\t\t\t<\/td><td>\n\t\t\t102\n\t\t\t<\/td><\/tr><tr><td>\n\t\t\tSOCIEDADE PARANAENSE DE ENSINO E INFORMATICA-SPEI\n\t\t\t<\/td><td>\n\t\t\t01\/09\/2005 a 10\/07\/2007\n\t\t\t<\/td><td>\n\t\t\t678<\/td><\/tr><\/tbody><\/table>\n\n\n\n<p style=\"text-align:right\"><strong>DOUGLAS ORTIZ HAMERMULLER<\/strong><\/p>\n","protected":false},"excerpt":{"rendered":"<p>Retificar a Portaria n\u00ba 578\/PROGEPE, de 17 de fevereiro de 2020, que averbou tempo de servi\u00e7o&nbsp;em favor do servidor LUIZ EDUARDO CROESY JENKINS &#8211; 2192163, ocupante do cargo de Auditor, lotado na Auditoria Interna da UFPR:  Onde se l\u00ea:  <!-- wp:table \n\n<table class=\"wp-block-table\">\n\n<tbody>\n\n<tr>\n\n<td>  EMPRESA  <\/td>\n\n\n\n<td>  PER\u00cdODO  <\/td>\n\n\n\n<td>  TOTAL DE DIAS  <\/td>\n\n<\/tr>\n\n\n\n<tr>\n\n<td>  SOCIEDADE PARANAENSE DE ENSINO E INFORMATICA-SPEI  <\/td>\n\n\n\n<td>  21\/04\/2005 a 10\/07\/2007  <\/td>\n\n\n\n<td>  811  <\/td>\n\n<\/tr>\n\n<\/tbody>\n\n<\/table>\n\n <!-- \/wp:table  Leia-se:  <!-- wp:table \n\n<table class=\"wp-block-table\">\n\n<tbody>\n\n<tr>\n\n<td>  EMPRESA  <\/td>\n\n\n\n<td>  PER\u00cdODO  <\/td>\n\n\n\n<td>  TOTAL DE\n<\/p>\n","protected":false},"author":48,"featured_media":0,"comment_status":"closed","ping_status":"closed","sticky":false,"template":"","format":"standard","meta":{"_acf_changed":false,"iawp_total_views":0,"footnotes":""},"categories":[116],"tags":[140],"class_list":["post-52633","post","type-post","status-publish","format-standard","hentry","category-progepe","tag-averbacao-desaverbacao"],"acf":[],"_links":{"self":[{"href":"https:\/\/progepe.ufpr.br\/portarias\/wp-json\/wp\/v2\/posts\/52633","targetHints":{"allow":["GET"]}}],"collection":[{"href":"https:\/\/progepe.ufpr.br\/portarias\/wp-json\/wp\/v2\/posts"}],"about":[{"href":"https:\/\/progepe.ufpr.br\/portarias\/wp-json\/wp\/v2\/types\/post"}],"author":[{"embeddable":true,"href":"https:\/\/progepe.ufpr.br\/portarias\/wp-json\/wp\/v2\/users\/48"}],"replies":[{"embeddable":true,"href":"https:\/\/progepe.ufpr.br\/portarias\/wp-json\/wp\/v2\/comments?post=52633"}],"version-history":[{"count":1,"href":"https:\/\/progepe.ufpr.br\/portarias\/wp-json\/wp\/v2\/posts\/52633\/revisions"}],"predecessor-version":[{"id":195507,"href":"https:\/\/progepe.ufpr.br\/portarias\/wp-json\/wp\/v2\/posts\/52633\/revisions\/195507"}],"wp:attachment":[{"href":"https:\/\/progepe.ufpr.br\/portarias\/wp-json\/wp\/v2\/media?parent=52633"}],"wp:term":[{"taxonomy":"category","embeddable":true,"href":"https:\/\/progepe.ufpr.br\/portarias\/wp-json\/wp\/v2\/categories?post=52633"},{"taxonomy":"post_tag","embeddable":true,"href":"https:\/\/progepe.ufpr.br\/portarias\/wp-json\/wp\/v2\/tags?post=52633"}],"curies":[{"name":"wp","href":"https:\/\/api.w.org\/{rel}","templated":true}]}}