{"id":52741,"date":"2020-08-25T05:08:00","date_gmt":"2020-08-25T08:08:00","guid":{"rendered":"http:\/\/progepe.ufpr.br\/portal\/?post_type=portarias&#038;p=52741"},"modified":"2023-08-03T13:20:18","modified_gmt":"2023-08-03T16:20:18","slug":"rt-2020-01314","status":"publish","type":"post","link":"https:\/\/progepe.ufpr.br\/portarias\/rt-2020-01314\/","title":{"rendered":"PORTARIA N\u00ba 01314\/REITORIA, DE 25 DE AGOSTO DE 2020"},"content":{"rendered":"\n<p><strong>A\nVice-Reitora da Universidade Federal do Paran\u00e1, no exerc\u00edcio do cargo de\nReitora, <\/strong>no uso de suas atribui\u00e7\u00f5es e tendo em vista o que consta no processo n\u00ba\n23075.044250\/2020-35,<\/p>\n\n\n\n<p>RESOLVE:<\/p>\n\n\n\n<p>Exonerar, a partir de 01 de setembro de 2020, o servidor\nPAULO CESAR SEMICEK &#8211; 343134, Mestre de Edifica\u00e7\u00f5es e Infraestrutura, da Fun\u00e7\u00e3o\nGratificada, FG-3, de Chefe da Se\u00e7\u00e3o de Gest\u00e3o dos Laborat\u00f3rios Did\u00e1ticos da\nCoordenadoria de Gest\u00e3o Administrativa do Setor Litoral.<\/p>\n\n\n\n<p style=\"text-align:right\">Graciela Ines\nBolzon de Muniz<\/p>\n","protected":false},"excerpt":{"rendered":"<p>Exonerar, a partir de 01 de setembro de 2020, o servidor PAULO CESAR SEMICEK &#8211; 343134, Mestre de Edifica\u00e7\u00f5es e Infraestrutura, da Fun\u00e7\u00e3o Gratificada, FG-3, de Chefe da Se\u00e7\u00e3o de Gest\u00e3o dos Laborat\u00f3rios Did\u00e1ticos da Coordenadoria de Gest\u00e3o Administrativa do Setor Litoral.  <!-- wp:paragraph {\"align\":\"right\"} \n\n<p style=\"text-align:right\">Graciela Ines Bolzon de Muniz\n<\/p>\n","protected":false},"author":49,"featured_media":0,"comment_status":"closed","ping_status":"closed","sticky":false,"template":"","format":"standard","meta":{"_acf_changed":false,"iawp_total_views":0,"footnotes":""},"categories":[117],"tags":[120],"class_list":["post-52741","post","type-post","status-publish","format-standard","hentry","category-rt","tag-funcao"],"acf":[],"_links":{"self":[{"href":"https:\/\/progepe.ufpr.br\/portarias\/wp-json\/wp\/v2\/posts\/52741","targetHints":{"allow":["GET"]}}],"collection":[{"href":"https:\/\/progepe.ufpr.br\/portarias\/wp-json\/wp\/v2\/posts"}],"about":[{"href":"https:\/\/progepe.ufpr.br\/portarias\/wp-json\/wp\/v2\/types\/post"}],"author":[{"embeddable":true,"href":"https:\/\/progepe.ufpr.br\/portarias\/wp-json\/wp\/v2\/users\/49"}],"replies":[{"embeddable":true,"href":"https:\/\/progepe.ufpr.br\/portarias\/wp-json\/wp\/v2\/comments?post=52741"}],"version-history":[{"count":1,"href":"https:\/\/progepe.ufpr.br\/portarias\/wp-json\/wp\/v2\/posts\/52741\/revisions"}],"predecessor-version":[{"id":195526,"href":"https:\/\/progepe.ufpr.br\/portarias\/wp-json\/wp\/v2\/posts\/52741\/revisions\/195526"}],"wp:attachment":[{"href":"https:\/\/progepe.ufpr.br\/portarias\/wp-json\/wp\/v2\/media?parent=52741"}],"wp:term":[{"taxonomy":"category","embeddable":true,"href":"https:\/\/progepe.ufpr.br\/portarias\/wp-json\/wp\/v2\/categories?post=52741"},{"taxonomy":"post_tag","embeddable":true,"href":"https:\/\/progepe.ufpr.br\/portarias\/wp-json\/wp\/v2\/tags?post=52741"}],"curies":[{"name":"wp","href":"https:\/\/api.w.org\/{rel}","templated":true}]}}