{"id":52746,"date":"2020-08-25T05:09:00","date_gmt":"2020-08-25T08:09:00","guid":{"rendered":"http:\/\/progepe.ufpr.br\/portal\/?post_type=portarias&#038;p=52746"},"modified":"2023-08-03T13:20:18","modified_gmt":"2023-08-03T16:20:18","slug":"rt-2020-01315","status":"publish","type":"post","link":"https:\/\/progepe.ufpr.br\/portarias\/rt-2020-01315\/","title":{"rendered":"PORTARIA N\u00ba 01315\/REITORIA, DE 25 DE AGOSTO DE 2020"},"content":{"rendered":"\n<p><strong>A\nVice-Reitora da Universidade Federal do Paran\u00e1, no exerc\u00edcio do cargo de\nReitoria, <\/strong>no uso de suas atribui\u00e7\u00f5es e tendo em vista o que consta no processo n\u00ba\n23075.044352\/2020-51,<\/p>\n\n\n\n<p>RESOLVE:<\/p>\n\n\n\n<p>Exonerar, a pedido, a partir de 21 de agosto de 2020, o\nservidor RODRIGO LUIS KANAYAMA &#8211; 2584396, Professor do Magist\u00e9rio Superior,\nlotado no Departamento de Direito P\u00fablico do Setor de Ci\u00eancias Jur\u00eddicas, no\nregime de trabalho de 40 (quarenta) horas semanais, da Fun\u00e7\u00e3o Gratificada,\nFG-1, de Chefe do Departamento de Direito P\u00fablico do citado Setor.<\/p>\n\n\n\n<p style=\"text-align:right\">Graciela Ines\nBolzon de Muniz<\/p>\n","protected":false},"excerpt":{"rendered":"<p>Exonerar, a pedido, a partir de 21 de agosto de 2020, o servidor RODRIGO LUIS KANAYAMA &#8211; 2584396, Professor do Magist\u00e9rio Superior, lotado no Departamento de Direito P\u00fablico do Setor de Ci\u00eancias Jur\u00eddicas, no regime de trabalho de 40 (quarenta) horas semanais, da Fun\u00e7\u00e3o Gratificada, FG-1, de Chefe do Departamento de Direito P\u00fablico do citado Setor.  <!-- wp:paragraph {\"align\":\"right\"} \n\n<p style=\"text-align:right\">Graciela Ines Bolzon de Muniz\n<\/p>\n","protected":false},"author":49,"featured_media":0,"comment_status":"closed","ping_status":"closed","sticky":false,"template":"","format":"standard","meta":{"_acf_changed":false,"iawp_total_views":0,"footnotes":""},"categories":[117],"tags":[120],"class_list":["post-52746","post","type-post","status-publish","format-standard","hentry","category-rt","tag-funcao"],"acf":[],"_links":{"self":[{"href":"https:\/\/progepe.ufpr.br\/portarias\/wp-json\/wp\/v2\/posts\/52746","targetHints":{"allow":["GET"]}}],"collection":[{"href":"https:\/\/progepe.ufpr.br\/portarias\/wp-json\/wp\/v2\/posts"}],"about":[{"href":"https:\/\/progepe.ufpr.br\/portarias\/wp-json\/wp\/v2\/types\/post"}],"author":[{"embeddable":true,"href":"https:\/\/progepe.ufpr.br\/portarias\/wp-json\/wp\/v2\/users\/49"}],"replies":[{"embeddable":true,"href":"https:\/\/progepe.ufpr.br\/portarias\/wp-json\/wp\/v2\/comments?post=52746"}],"version-history":[{"count":1,"href":"https:\/\/progepe.ufpr.br\/portarias\/wp-json\/wp\/v2\/posts\/52746\/revisions"}],"predecessor-version":[{"id":195527,"href":"https:\/\/progepe.ufpr.br\/portarias\/wp-json\/wp\/v2\/posts\/52746\/revisions\/195527"}],"wp:attachment":[{"href":"https:\/\/progepe.ufpr.br\/portarias\/wp-json\/wp\/v2\/media?parent=52746"}],"wp:term":[{"taxonomy":"category","embeddable":true,"href":"https:\/\/progepe.ufpr.br\/portarias\/wp-json\/wp\/v2\/categories?post=52746"},{"taxonomy":"post_tag","embeddable":true,"href":"https:\/\/progepe.ufpr.br\/portarias\/wp-json\/wp\/v2\/tags?post=52746"}],"curies":[{"name":"wp","href":"https:\/\/api.w.org\/{rel}","templated":true}]}}