{"id":53086,"date":"2020-08-28T10:04:00","date_gmt":"2020-08-28T13:04:00","guid":{"rendered":"http:\/\/progepe.ufpr.br\/portal\/?post_type=portarias&#038;p=53086"},"modified":"2023-08-03T12:57:39","modified_gmt":"2023-08-03T15:57:39","slug":"progepe-2020-02450","status":"publish","type":"post","link":"https:\/\/progepe.ufpr.br\/portarias\/progepe-2020-02450\/","title":{"rendered":"PORTARIA N\u00ba 02450\/PROGEPE, DE 28 DE AGOSTO DE 2020"},"content":{"rendered":"\n<p><strong>O Pr\u00f3-Reitor de Gest\u00e3o de Pessoas da Universidade Federal do Paran\u00e1,&nbsp;<\/strong>no  uso de suas atribui\u00e7\u00f5es, tendo em vista a compet\u00eancia que lhe \u00e9  conferida pela Portaria n\u00ba 2.590, de 26 de setembro de 1997,  considerando o que consta nas Leis n\u00ba 8.745\/93 e 9.849\/99 e ainda o  contido no processo n\u00ba 23075.035307\/2020-13; <\/p>\n\n\n\n<p>RESOLVE:<\/p>\n\n\n\n<p>Retificar a Portaria n\u00ba 2.371\/PROGEPE, que \nautorizou a&nbsp;a prorroga\u00e7\u00e3o do contrato de CLAUDIA ALEXANDRA PONTES \nIVANTES &#8211; 3105776, como Professor Substituto:<\/p>\n\n\n\n<p>Onde se l\u00ea:PORTARIA N\u00ba 3171\/PROGEPE, DE 24 DE AGOSTO DE 2020<\/p>\n\n\n\n<p>Leia-se:PORTARIA N\u00ba 2371\/PROGEPE, DE 24 DE AGOSTO DE 2020<\/p>\n\n\n\n<p class=\"has-text-align-right\"><\/p>\n","protected":false},"excerpt":{"rendered":"<p>Retificar a Portaria n\u00ba 2.371\/PROGEPE, que autorizou a&nbsp;a prorroga\u00e7\u00e3o do contrato de CLAUDIA ALEXANDRA PONTES IVANTES &#8211; 3105776, como Professor Substituto:  Onde se l\u00ea:PORTARIA N\u00ba 3171\/PROGEPE, DE 24 DE AGOSTO DE 2020  Leia-se:PORTARIA N\u00ba 2371\/PROGEPE, DE 24 DE AGOSTO DE 2020  <!-- wp:paragraph {\"align\":\"right\"} \n\n<p class=\"has-text-align-right\">\n<\/p>\n","protected":false},"author":48,"featured_media":0,"comment_status":"closed","ping_status":"open","sticky":false,"template":"","format":"standard","meta":{"_acf_changed":false,"iawp_total_views":1,"footnotes":""},"categories":[116],"tags":[141],"class_list":["post-53086","post","type-post","status-publish","format-standard","hentry","category-progepe","tag-contratacao"],"acf":[],"_links":{"self":[{"href":"https:\/\/progepe.ufpr.br\/portarias\/wp-json\/wp\/v2\/posts\/53086","targetHints":{"allow":["GET"]}}],"collection":[{"href":"https:\/\/progepe.ufpr.br\/portarias\/wp-json\/wp\/v2\/posts"}],"about":[{"href":"https:\/\/progepe.ufpr.br\/portarias\/wp-json\/wp\/v2\/types\/post"}],"author":[{"embeddable":true,"href":"https:\/\/progepe.ufpr.br\/portarias\/wp-json\/wp\/v2\/users\/48"}],"replies":[{"embeddable":true,"href":"https:\/\/progepe.ufpr.br\/portarias\/wp-json\/wp\/v2\/comments?post=53086"}],"version-history":[{"count":3,"href":"https:\/\/progepe.ufpr.br\/portarias\/wp-json\/wp\/v2\/posts\/53086\/revisions"}],"predecessor-version":[{"id":125004,"href":"https:\/\/progepe.ufpr.br\/portarias\/wp-json\/wp\/v2\/posts\/53086\/revisions\/125004"}],"wp:attachment":[{"href":"https:\/\/progepe.ufpr.br\/portarias\/wp-json\/wp\/v2\/media?parent=53086"}],"wp:term":[{"taxonomy":"category","embeddable":true,"href":"https:\/\/progepe.ufpr.br\/portarias\/wp-json\/wp\/v2\/categories?post=53086"},{"taxonomy":"post_tag","embeddable":true,"href":"https:\/\/progepe.ufpr.br\/portarias\/wp-json\/wp\/v2\/tags?post=53086"}],"curies":[{"name":"wp","href":"https:\/\/api.w.org\/{rel}","templated":true}]}}