{"id":53300,"date":"2020-09-01T20:00:00","date_gmt":"2020-09-01T23:00:00","guid":{"rendered":"http:\/\/progepe.ufpr.br\/portal\/?post_type=portarias&#038;p=53300"},"modified":"2023-08-03T11:03:16","modified_gmt":"2023-08-03T14:03:16","slug":"dd-2020-00680","status":"publish","type":"post","link":"https:\/\/progepe.ufpr.br\/portarias\/dd-2020-00680\/","title":{"rendered":"PORTARIA N\u00ba 00680\/DD, DE 01 DE SETEMBRO DE 2020"},"content":{"rendered":"\n<p><strong>O Diretor Disciplinar da Universidade Federal do Paran\u00e1, <\/strong>no uso de suas atribui\u00e7\u00f5es, tendo em vista a compet\u00eancia que lhe \u00e9 conferida pela Portaria n\u00ba 593\/REITORIA, de 28 de agosto de 2017, o disposto no artigo 143 da Lei n\u00ba 8.112, de 11 de dezembro de 1990, nos artigos 19, 20 e 21 da Instru\u00e7\u00e3o Normativa CGU n\u00ba 14, de 14 de novembro de 2018, e o que consta no Processo 23075.028821\/2020-94,<\/p>\n\n\n\n<p>RESOLVE:<\/p>\n\n\n\n<p> I. \u00a0Substituir a servidora ANDREZA APARECIDA CAVALHEIRO \u2014 2225338, Assistente em Administra\u00e7\u00e3o, lotada no Departamento de Comunica\u00e7\u00e3o Social do Setor de Artes, Comunica\u00e7\u00e3o e Design, pela servidora AINOAN ARLINDO \u2014 1002421, Assistente em Administra\u00e7\u00e3o, lotada no Departamento de Nutri\u00e7\u00e3o do Setor de Ci\u00eancias da Sa\u00fade, como membro da Comiss\u00e3o de Sindic\u00e2ncia Investigativa designada pela Portaria n\u00ba 661\/DD, de 30 de julho de 2020.<\/p>\n\n\n\n<p style=\"text-align:right\">JEAN CARLOS DE OLIVEIRA<br>Diretor Disciplinar, em exerc\u00edcio<\/p>\n","protected":false},"excerpt":{"rendered":"<p>I. \u00a0Substituir a servidora ANDREZA APARECIDA CAVALHEIRO \u2014 2225338, Assistente em Administra\u00e7\u00e3o, lotada no Departamento de Comunica\u00e7\u00e3o Social do Setor de Artes, Comunica\u00e7\u00e3o e Design, pela servidora AINOAN ARLINDO \u2014 1002421, Assistente em Administra\u00e7\u00e3o, lotada no Departamento de Nutri\u00e7\u00e3o do Setor de Ci\u00eancias da Sa\u00fade, como membro da Comiss\u00e3o de Sindic\u00e2ncia Investigativa designada pela Portaria n\u00ba 661\/DD, de 30 de julho de 2020.  <!-- wp:paragraph {\"align\":\"right\"} \n\n<p style=\"text-align:right\">JEAN CARLOS DE OLIVEIRA<br \/>Diretor Disciplinar, em exerc\u00edcio\n<\/p>\n","protected":false},"author":36,"featured_media":0,"comment_status":"closed","ping_status":"closed","sticky":false,"template":"","format":"standard","meta":{"_acf_changed":false,"iawp_total_views":1,"footnotes":""},"categories":[118],"tags":[132],"class_list":["post-53300","post","type-post","status-publish","format-standard","hentry","category-dd","tag-pad-sindicancia"],"acf":[],"_links":{"self":[{"href":"https:\/\/progepe.ufpr.br\/portarias\/wp-json\/wp\/v2\/posts\/53300","targetHints":{"allow":["GET"]}}],"collection":[{"href":"https:\/\/progepe.ufpr.br\/portarias\/wp-json\/wp\/v2\/posts"}],"about":[{"href":"https:\/\/progepe.ufpr.br\/portarias\/wp-json\/wp\/v2\/types\/post"}],"author":[{"embeddable":true,"href":"https:\/\/progepe.ufpr.br\/portarias\/wp-json\/wp\/v2\/users\/36"}],"replies":[{"embeddable":true,"href":"https:\/\/progepe.ufpr.br\/portarias\/wp-json\/wp\/v2\/comments?post=53300"}],"version-history":[{"count":2,"href":"https:\/\/progepe.ufpr.br\/portarias\/wp-json\/wp\/v2\/posts\/53300\/revisions"}],"predecessor-version":[{"id":195574,"href":"https:\/\/progepe.ufpr.br\/portarias\/wp-json\/wp\/v2\/posts\/53300\/revisions\/195574"}],"wp:attachment":[{"href":"https:\/\/progepe.ufpr.br\/portarias\/wp-json\/wp\/v2\/media?parent=53300"}],"wp:term":[{"taxonomy":"category","embeddable":true,"href":"https:\/\/progepe.ufpr.br\/portarias\/wp-json\/wp\/v2\/categories?post=53300"},{"taxonomy":"post_tag","embeddable":true,"href":"https:\/\/progepe.ufpr.br\/portarias\/wp-json\/wp\/v2\/tags?post=53300"}],"curies":[{"name":"wp","href":"https:\/\/api.w.org\/{rel}","templated":true}]}}