{"id":53317,"date":"2020-08-13T05:01:00","date_gmt":"2020-08-13T08:01:00","guid":{"rendered":"http:\/\/progepe.ufpr.br\/portal\/?post_type=portarias&#038;p=53317"},"modified":"2023-08-03T13:20:12","modified_gmt":"2023-08-03T16:20:12","slug":"rt-2020-01269","status":"publish","type":"post","link":"https:\/\/progepe.ufpr.br\/portarias\/rt-2020-01269\/","title":{"rendered":"PORTARIA N\u00ba 01269\/REITORIA, DE 13 DE AGOSTO DE 2020"},"content":{"rendered":"\n<p>Portaria N\u00ba 1269\/REITORIA, DE 13 DE agosto DE 2020<\/p>\n\n\n\n<p><strong>A Vice-Reitora da Universidade Federal do Paran\u00e1, no exerc\u00edcio do cargo de Reitora,\u00a0<\/strong>no uso de suas atribui\u00e7\u00f5es, tendo em vista o que consta no artigo 50, \u00a7 \u00danico do Regimento Geral desta Universidade e o que consta no processo n\u00ba 23075.027237\/2020-11, <\/p>\n\n\n\n<p>RESOLVE: <\/p>\n\n\n\n<p>I.&nbsp;Nomear a servidora ANDR\u00c9A BARBOSA\nGOUVEIA&nbsp;&#8211; 2208745, ocupante do cargo de Professora, no regime de trabalho\nde dedica\u00e7\u00e3o exclusiva, para exercer a fun\u00e7\u00e3o de Vice-Coordenadora de\nCurso&nbsp;de P\u00f3s-Gradua\u00e7\u00e3o do Setor de Educa\u00e7\u00e3o (Programa de P\u00f3s-Gradua\u00e7\u00e3o em\nEduca\u00e7\u00e3o), no per\u00edodo de 01 de setembro de 2020 a 31 de maio de 2022, t\u00e9rmino\ndo mandato.<\/p>\n\n\n\n<p>II. Nos impedimentos do(a) Coordenador(a), a\nmencionada docente cumprir\u00e1, obrigatoriamente, o regime de trabalho de tempo\nintegral, de acordo com o disposto no \u00a7 5\u00b0, artigo 1\u00b0 da Lei n\u00b0 8.168\/91.<\/p>\n\n\n\n<p style=\"text-align:right\"><strong>GRACIELA INES BOLZON DE MUNIZ<\/strong><\/p>\n","protected":false},"excerpt":{"rendered":"<p>Portaria N\u00ba 1269\/REITORIA, DE 13 DE agosto DE 2020 A Vice-Reitora da Universidade Federal do Paran\u00e1, no exerc\u00edcio do cargo de Reitora,\u00a0no uso de suas atribui\u00e7\u00f5es, tendo em vista o que consta no artigo 50, \u00a7 \u00danico do Regimento Geral desta Universidade e o que consta no processo n\u00ba 23075.027237\/2020-11, RESOLVE: I.&nbsp;Nomear a servidora ANDR\u00c9A [&hellip;]<\/p>\n","protected":false},"author":50,"featured_media":0,"comment_status":"closed","ping_status":"closed","sticky":false,"template":"","format":"standard","meta":{"_acf_changed":false,"iawp_total_views":0,"footnotes":""},"categories":[117],"tags":[120],"class_list":["post-53317","post","type-post","status-publish","format-standard","hentry","category-rt","tag-funcao"],"acf":[],"_links":{"self":[{"href":"https:\/\/progepe.ufpr.br\/portarias\/wp-json\/wp\/v2\/posts\/53317","targetHints":{"allow":["GET"]}}],"collection":[{"href":"https:\/\/progepe.ufpr.br\/portarias\/wp-json\/wp\/v2\/posts"}],"about":[{"href":"https:\/\/progepe.ufpr.br\/portarias\/wp-json\/wp\/v2\/types\/post"}],"author":[{"embeddable":true,"href":"https:\/\/progepe.ufpr.br\/portarias\/wp-json\/wp\/v2\/users\/50"}],"replies":[{"embeddable":true,"href":"https:\/\/progepe.ufpr.br\/portarias\/wp-json\/wp\/v2\/comments?post=53317"}],"version-history":[{"count":1,"href":"https:\/\/progepe.ufpr.br\/portarias\/wp-json\/wp\/v2\/posts\/53317\/revisions"}],"predecessor-version":[{"id":195575,"href":"https:\/\/progepe.ufpr.br\/portarias\/wp-json\/wp\/v2\/posts\/53317\/revisions\/195575"}],"wp:attachment":[{"href":"https:\/\/progepe.ufpr.br\/portarias\/wp-json\/wp\/v2\/media?parent=53317"}],"wp:term":[{"taxonomy":"category","embeddable":true,"href":"https:\/\/progepe.ufpr.br\/portarias\/wp-json\/wp\/v2\/categories?post=53317"},{"taxonomy":"post_tag","embeddable":true,"href":"https:\/\/progepe.ufpr.br\/portarias\/wp-json\/wp\/v2\/tags?post=53317"}],"curies":[{"name":"wp","href":"https:\/\/api.w.org\/{rel}","templated":true}]}}