{"id":53350,"date":"2020-09-01T05:11:00","date_gmt":"2020-09-01T08:11:00","guid":{"rendered":"http:\/\/progepe.ufpr.br\/portal\/?post_type=portarias&#038;p=53350"},"modified":"2023-08-03T13:20:21","modified_gmt":"2023-08-03T16:20:21","slug":"rt-2020-01336","status":"publish","type":"post","link":"https:\/\/progepe.ufpr.br\/portarias\/rt-2020-01336\/","title":{"rendered":"PORTARIA N\u00ba 01336\/REITORIA, DE 01 DE SETEMBRO DE 2020"},"content":{"rendered":"\n<p><strong>A Vice-Reitora da Universidade Federal do Paran\u00e1, no exerc\u00edcio do cargo\nde Reitora, <\/strong>no uso de suas atribui\u00e7\u00f5es e tendo em vista o que consta\nno processo n\u00ba 23075.035937\/2020-80,<\/p>\n\n\n\n<p>RESOLVE:<\/p>\n\n\n\n<p>Designar os\nservidores SONIA MARIA BREDA &#8211; 342412, Professora do Magist\u00e9rio Superior e JOSE\nROBERTO FREGA &#8211; 1849607, Professor do Magist\u00e9rio Superior, como representantes\nTitular e Suplente, respectivamente, do Setor de Ci\u00eancias Sociais Aplicadas,\njunto ao Conselho de Ensino Pesquisa e Extens\u00e3o &#8211; CEPE, com mandato de 02\n(dois) anos, a partir de 10 de setembro de 2020.<\/p>\n\n\n\n<p style=\"text-align:right\">Graciela Ines Bolzon de Muniz<\/p>\n","protected":false},"excerpt":{"rendered":"<p>Designar os servidores SONIA MARIA BREDA &#8211; 342412, Professora do Magist\u00e9rio Superior e JOSE ROBERTO FREGA &#8211; 1849607, Professor do Magist\u00e9rio Superior, como representantes Titular e Suplente, respectivamente, do Setor de Ci\u00eancias Sociais Aplicadas, junto ao Conselho de Ensino Pesquisa e Extens\u00e3o &#8211; CEPE, com mandato de 02 (dois) anos, a partir de 10 de setembro de 2020.  <!-- wp:paragraph {\"align\":\"right\"} \n\n<p style=\"text-align:right\">Graciela Ines Bolzon de Muniz\n<\/p>\n","protected":false},"author":49,"featured_media":0,"comment_status":"closed","ping_status":"closed","sticky":false,"template":"","format":"standard","meta":{"_acf_changed":false,"iawp_total_views":1,"footnotes":""},"categories":[117],"tags":[126],"class_list":["post-53350","post","type-post","status-publish","format-standard","hentry","category-rt","tag-representante"],"acf":[],"_links":{"self":[{"href":"https:\/\/progepe.ufpr.br\/portarias\/wp-json\/wp\/v2\/posts\/53350","targetHints":{"allow":["GET"]}}],"collection":[{"href":"https:\/\/progepe.ufpr.br\/portarias\/wp-json\/wp\/v2\/posts"}],"about":[{"href":"https:\/\/progepe.ufpr.br\/portarias\/wp-json\/wp\/v2\/types\/post"}],"author":[{"embeddable":true,"href":"https:\/\/progepe.ufpr.br\/portarias\/wp-json\/wp\/v2\/users\/49"}],"replies":[{"embeddable":true,"href":"https:\/\/progepe.ufpr.br\/portarias\/wp-json\/wp\/v2\/comments?post=53350"}],"version-history":[{"count":1,"href":"https:\/\/progepe.ufpr.br\/portarias\/wp-json\/wp\/v2\/posts\/53350\/revisions"}],"predecessor-version":[{"id":195582,"href":"https:\/\/progepe.ufpr.br\/portarias\/wp-json\/wp\/v2\/posts\/53350\/revisions\/195582"}],"wp:attachment":[{"href":"https:\/\/progepe.ufpr.br\/portarias\/wp-json\/wp\/v2\/media?parent=53350"}],"wp:term":[{"taxonomy":"category","embeddable":true,"href":"https:\/\/progepe.ufpr.br\/portarias\/wp-json\/wp\/v2\/categories?post=53350"},{"taxonomy":"post_tag","embeddable":true,"href":"https:\/\/progepe.ufpr.br\/portarias\/wp-json\/wp\/v2\/tags?post=53350"}],"curies":[{"name":"wp","href":"https:\/\/api.w.org\/{rel}","templated":true}]}}