{"id":53356,"date":"2020-09-01T05:09:00","date_gmt":"2020-09-01T08:09:00","guid":{"rendered":"http:\/\/progepe.ufpr.br\/portal\/?post_type=portarias&#038;p=53356"},"modified":"2023-08-03T13:20:21","modified_gmt":"2023-08-03T16:20:21","slug":"rt-2020-01334","status":"publish","type":"post","link":"https:\/\/progepe.ufpr.br\/portarias\/rt-2020-01334\/","title":{"rendered":"PORTARIA N\u00ba 01334\/REITORIA, DE 01 DE SETEMBRO DE 2020"},"content":{"rendered":"\n<p><strong>A Vice-Reitora da Universidade Federal do Paran\u00e1, no exerc\u00edcio do cargo de Reitora,\u00a0<\/strong>no uso de suas atribui\u00e7\u00f5es e tendo em vista o que consta no processo n\u00ba 23075.045864\/2020-34, <\/p>\n\n\n\n<p>RESOLVE: <\/p>\n\n\n\n<p>Convalidar, no per\u00edodo de 25 de abril de 2020 a 02\nde agosto de 2020, o exerc\u00edcio da fun\u00e7\u00e3o de Chefe do Departamento de Ci\u00eancia\nPol\u00edtica do Setor de Ci\u00eancias Humanas, sem efeitos financeiros, pelo servidor\nADRIANO NERVO CODATO &#8211; 344028, ocupante do cargo de Professor, no regime de\ntrabalho de dedica\u00e7\u00e3o exclusiva, por ter exercido a fun\u00e7\u00e3o no per\u00edodo\ninformado.<\/p>\n\n\n\n<p style=\"text-align:right\"><strong>GRACIELA INES BOLZON DE MUNIZ<\/strong><\/p>\n","protected":false},"excerpt":{"rendered":"<p>A Vice-Reitora da Universidade Federal do Paran\u00e1, no exerc\u00edcio do cargo de Reitora,\u00a0no uso de suas atribui\u00e7\u00f5es e tendo em vista o que consta no processo n\u00ba 23075.045864\/2020-34, RESOLVE: Convalidar, no per\u00edodo de 25 de abril de 2020 a 02 de agosto de 2020, o exerc\u00edcio da fun\u00e7\u00e3o de Chefe do Departamento de Ci\u00eancia Pol\u00edtica [&hellip;]<\/p>\n","protected":false},"author":50,"featured_media":0,"comment_status":"closed","ping_status":"closed","sticky":false,"template":"","format":"standard","meta":{"_acf_changed":false,"iawp_total_views":2,"footnotes":""},"categories":[117],"tags":[120],"class_list":["post-53356","post","type-post","status-publish","format-standard","hentry","category-rt","tag-funcao"],"acf":[],"_links":{"self":[{"href":"https:\/\/progepe.ufpr.br\/portarias\/wp-json\/wp\/v2\/posts\/53356","targetHints":{"allow":["GET"]}}],"collection":[{"href":"https:\/\/progepe.ufpr.br\/portarias\/wp-json\/wp\/v2\/posts"}],"about":[{"href":"https:\/\/progepe.ufpr.br\/portarias\/wp-json\/wp\/v2\/types\/post"}],"author":[{"embeddable":true,"href":"https:\/\/progepe.ufpr.br\/portarias\/wp-json\/wp\/v2\/users\/50"}],"replies":[{"embeddable":true,"href":"https:\/\/progepe.ufpr.br\/portarias\/wp-json\/wp\/v2\/comments?post=53356"}],"version-history":[{"count":1,"href":"https:\/\/progepe.ufpr.br\/portarias\/wp-json\/wp\/v2\/posts\/53356\/revisions"}],"predecessor-version":[{"id":195583,"href":"https:\/\/progepe.ufpr.br\/portarias\/wp-json\/wp\/v2\/posts\/53356\/revisions\/195583"}],"wp:attachment":[{"href":"https:\/\/progepe.ufpr.br\/portarias\/wp-json\/wp\/v2\/media?parent=53356"}],"wp:term":[{"taxonomy":"category","embeddable":true,"href":"https:\/\/progepe.ufpr.br\/portarias\/wp-json\/wp\/v2\/categories?post=53356"},{"taxonomy":"post_tag","embeddable":true,"href":"https:\/\/progepe.ufpr.br\/portarias\/wp-json\/wp\/v2\/tags?post=53356"}],"curies":[{"name":"wp","href":"https:\/\/api.w.org\/{rel}","templated":true}]}}