{"id":53372,"date":"2020-09-01T05:02:00","date_gmt":"2020-09-01T08:02:00","guid":{"rendered":"http:\/\/progepe.ufpr.br\/portal\/?post_type=portarias&#038;p=53372"},"modified":"2023-08-03T13:20:20","modified_gmt":"2023-08-03T16:20:20","slug":"rt-2020-01327","status":"publish","type":"post","link":"https:\/\/progepe.ufpr.br\/portarias\/rt-2020-01327\/","title":{"rendered":"PORTARIA N\u00ba 01327\/REITORIA, DE 01 DE SETEMBRO DE 2020"},"content":{"rendered":"\n<p><strong>A Vice-Reitora da Universidade Federal do Paran\u00e1, no exerc\u00edcio do cargo de Reitora,\u00a0<\/strong>no uso de suas atribui\u00e7\u00f5es, tendo em vista o que consta no artigo 50, \u00a7 \u00danico do Regimento Geral desta Universidade e o que consta no processo n\u00ba 23075.040153\/2020-73,<\/p>\n\n\n\n<p><strong>RESOLVE:<\/strong><\/p>\n\n\n\n<p>I.&nbsp;Nomear a servidora CAROLINA DOS ANJOS DE\nBORBA &#8211; 1227874, ocupante do cargo de Professora, no regime de trabalho de\ndedica\u00e7\u00e3o exclusiva, para exercer a fun\u00e7\u00e3o de Coordenadora de Curso de\nP\u00f3s-Gradua\u00e7\u00e3o da&nbsp;Pr\u00f3-Reitoria de Pesquisa e P\u00f3s-Gradua\u00e7\u00e3o, FCC \u2013 Fun\u00e7\u00e3o\nComissionada de Coordena\u00e7\u00e3o de Curso (Programa de P\u00f3s-Gradua\u00e7\u00e3o em Meio\nAmbiente e Desenvolvimento), autorizada pela Lei n\u00ba 12.677, de 25 de junho de\n2012, publicado no DOU de 26.06.2012 e Portaria\/MEC n\u00ba 1.172, de 17 de setembro\nde 2012, pelo per\u00edodo de 02 (dois) anos, a partir da data de publica\u00e7\u00e3o em DOU,\nde acordo com a Lei n\u00ba 9.527\/97.<\/p>\n\n\n\n<p>II.\u00a0A mencionada docente cumprir\u00e1, obrigatoriamente, o regime de trabalho de tempo integral, de acordo com o disposto no \u00a7 5\u00ba, artigo 1\u00ba da Lei n\u00ba 8.168\/91.<\/p>\n","protected":false},"excerpt":{"rendered":"<p>I.&nbsp;Nomear a servidora CAROLINA DOS ANJOS DE BORBA &#8211; 1227874, ocupante do cargo de Professora, no regime de trabalho de dedica\u00e7\u00e3o exclusiva, para exercer a fun\u00e7\u00e3o de Coordenadora de Curso de P\u00f3s-Gradua\u00e7\u00e3o da&nbsp;Pr\u00f3-Reitoria de Pesquisa e P\u00f3s-Gradua\u00e7\u00e3o, FCC \u2013 Fun\u00e7\u00e3o Comissionada de Coordena\u00e7\u00e3o de Curso (Programa de P\u00f3s-Gradua\u00e7\u00e3o em Meio Ambiente e Desenvolvimento), autorizada pela Lei n\u00ba 12.677, de 25 de junho de 2012, publicado no DOU de 26.06.2012 e Portaria\/MEC n\u00ba 1.172, de 17 de setembro de 2012, pelo per\u00edodo de 02 (dois) anos, a partir da data de publica\u00e7\u00e3o em DOU, de acordo com a Lei<\/p>\n","protected":false},"author":50,"featured_media":0,"comment_status":"closed","ping_status":"open","sticky":false,"template":"","format":"standard","meta":{"_acf_changed":false,"iawp_total_views":0,"footnotes":""},"categories":[117],"tags":[120],"class_list":["post-53372","post","type-post","status-publish","format-standard","hentry","category-rt","tag-funcao"],"acf":[],"_links":{"self":[{"href":"https:\/\/progepe.ufpr.br\/portarias\/wp-json\/wp\/v2\/posts\/53372","targetHints":{"allow":["GET"]}}],"collection":[{"href":"https:\/\/progepe.ufpr.br\/portarias\/wp-json\/wp\/v2\/posts"}],"about":[{"href":"https:\/\/progepe.ufpr.br\/portarias\/wp-json\/wp\/v2\/types\/post"}],"author":[{"embeddable":true,"href":"https:\/\/progepe.ufpr.br\/portarias\/wp-json\/wp\/v2\/users\/50"}],"replies":[{"embeddable":true,"href":"https:\/\/progepe.ufpr.br\/portarias\/wp-json\/wp\/v2\/comments?post=53372"}],"version-history":[{"count":10,"href":"https:\/\/progepe.ufpr.br\/portarias\/wp-json\/wp\/v2\/posts\/53372\/revisions"}],"predecessor-version":[{"id":75138,"href":"https:\/\/progepe.ufpr.br\/portarias\/wp-json\/wp\/v2\/posts\/53372\/revisions\/75138"}],"wp:attachment":[{"href":"https:\/\/progepe.ufpr.br\/portarias\/wp-json\/wp\/v2\/media?parent=53372"}],"wp:term":[{"taxonomy":"category","embeddable":true,"href":"https:\/\/progepe.ufpr.br\/portarias\/wp-json\/wp\/v2\/categories?post=53372"},{"taxonomy":"post_tag","embeddable":true,"href":"https:\/\/progepe.ufpr.br\/portarias\/wp-json\/wp\/v2\/tags?post=53372"}],"curies":[{"name":"wp","href":"https:\/\/api.w.org\/{rel}","templated":true}]}}