{"id":53413,"date":"2020-09-02T10:03:00","date_gmt":"2020-09-02T13:03:00","guid":{"rendered":"http:\/\/progepe.ufpr.br\/portal\/?post_type=portarias&#038;p=53413"},"modified":"2023-08-03T12:57:41","modified_gmt":"2023-08-03T15:57:41","slug":"progepe-2020-02466","status":"publish","type":"post","link":"https:\/\/progepe.ufpr.br\/portarias\/progepe-2020-02466\/","title":{"rendered":"PORTARIA N\u00ba 02466\/PROGEPE, DE 02 DE SETEMBRO DE 2020"},"content":{"rendered":"\n<p><strong>O\u00a0Pr\u00f3-Reitor de Gest\u00e3o de Pessoas da Universidade Federal do Paran\u00e1, <\/strong>no  uso de suas atribui\u00e7\u00f5es, tendo em vista a compet\u00eancia que lhe \u00e9  conferida pela Portaria n\u00ba 2.590, de 26 de setembro de 1997, de acordo  com o Art. 10, \u00a7 1\u00ba e 4\u00ba da Lei n\u00ba 11.091\/05; Art. 4\u00ba \u00a7 1\u00ba do Decreto n\u00ba  5.824\/06; Portaria MEC 09\/06; Portaria MEC 39\/11; Parecer MEC  50151\/2015\/DCC\/COLEP\/CGGP\/SAA; Portaria n\u00ba 18.908\/PROGEPE, de  16.08.2016; e, ainda o contido no processo n\u00ba 23075.028726\/2020-91, <\/p>\n\n\n\n<p>RESOLVE:<\/p>\n\n\n\n<p>I. Conceder progress\u00e3o por capacita\u00e7\u00e3o \nprofissional ao servidor RICARDO CORREA FERREIRA \u2013 3077127, ocupante do \ncargo M\u00e9dico \u00c1rea, lotado no Se\u00e7\u00e3o Administrativa do Campus Pontal do \nParan\u00e1 \u2013 Centro de Estudos do Mar, do n\u00edvel E-01 para o E-02, padr\u00e3o de \nVencimento 02, a partir de 22 de maio de 2020, conforme Parecer da \nUnidade de An\u00e1lise de T\u00edtulos (2891938), no processo n\u00ba \n23075.028726\/2020-91.<\/p>\n\n\n\n<p>II. O citado servidor acumula para a pr\u00f3xima progress\u00e3o por capacita\u00e7\u00e3o 10 h (dez horas).<\/p>\n\n\n\n<p style=\"text-align:right\"><strong>DOUGLAS ORTIZ HAMERMULLER<\/strong><\/p>\n","protected":false},"excerpt":{"rendered":"<p>I. Conceder progress\u00e3o por capacita\u00e7\u00e3o profissional ao servidor RICARDO CORREA FERREIRA \u2013 3077127, ocupante do cargo M\u00e9dico \u00c1rea, lotado no Se\u00e7\u00e3o Administrativa do Campus Pontal do Paran\u00e1 \u2013 Centro de Estudos do Mar, do n\u00edvel E-01 para o E-02, padr\u00e3o de Vencimento 02, a partir de 22 de maio de 2020, conforme Parecer da Unidade de An\u00e1lise de T\u00edtulos (2891938), no processo n\u00ba 23075.028726\/2020-91.  II. O citado servidor acumula para a pr\u00f3xima progress\u00e3o por capacita\u00e7\u00e3o 10 h (dez horas).  <!-- wp:paragraph {\"align\":\"right\"} \n\n<p style=\"text-align:right\"><strong>DOUGLAS ORTIZ HAMERMULLER<\/strong>\n<\/p>\n","protected":false},"author":48,"featured_media":0,"comment_status":"closed","ping_status":"closed","sticky":false,"template":"","format":"standard","meta":{"_acf_changed":false,"iawp_total_views":0,"footnotes":""},"categories":[116],"tags":[143],"class_list":["post-53413","post","type-post","status-publish","format-standard","hentry","category-progepe","tag-progressao-promocao"],"acf":[],"_links":{"self":[{"href":"https:\/\/progepe.ufpr.br\/portarias\/wp-json\/wp\/v2\/posts\/53413","targetHints":{"allow":["GET"]}}],"collection":[{"href":"https:\/\/progepe.ufpr.br\/portarias\/wp-json\/wp\/v2\/posts"}],"about":[{"href":"https:\/\/progepe.ufpr.br\/portarias\/wp-json\/wp\/v2\/types\/post"}],"author":[{"embeddable":true,"href":"https:\/\/progepe.ufpr.br\/portarias\/wp-json\/wp\/v2\/users\/48"}],"replies":[{"embeddable":true,"href":"https:\/\/progepe.ufpr.br\/portarias\/wp-json\/wp\/v2\/comments?post=53413"}],"version-history":[{"count":1,"href":"https:\/\/progepe.ufpr.br\/portarias\/wp-json\/wp\/v2\/posts\/53413\/revisions"}],"predecessor-version":[{"id":195588,"href":"https:\/\/progepe.ufpr.br\/portarias\/wp-json\/wp\/v2\/posts\/53413\/revisions\/195588"}],"wp:attachment":[{"href":"https:\/\/progepe.ufpr.br\/portarias\/wp-json\/wp\/v2\/media?parent=53413"}],"wp:term":[{"taxonomy":"category","embeddable":true,"href":"https:\/\/progepe.ufpr.br\/portarias\/wp-json\/wp\/v2\/categories?post=53413"},{"taxonomy":"post_tag","embeddable":true,"href":"https:\/\/progepe.ufpr.br\/portarias\/wp-json\/wp\/v2\/tags?post=53413"}],"curies":[{"name":"wp","href":"https:\/\/api.w.org\/{rel}","templated":true}]}}