{"id":53480,"date":"2020-09-02T10:15:00","date_gmt":"2020-09-02T13:15:00","guid":{"rendered":"http:\/\/progepe.ufpr.br\/portal\/?post_type=portarias&#038;p=53480"},"modified":"2023-08-03T12:57:43","modified_gmt":"2023-08-03T15:57:43","slug":"progepe-2020-02478","status":"publish","type":"post","link":"https:\/\/progepe.ufpr.br\/portarias\/progepe-2020-02478\/","title":{"rendered":"PORTARIA N\u00ba 02478\/PROGEPE, DE 02 DE SETEMBRO DE 2020"},"content":{"rendered":"\n<p><strong>O Pr\u00f3-Reitor de Gest\u00e3o de Pessoas da Universidade Federal do Paran\u00e1, <\/strong>no  uso de suas atribui\u00e7\u00f5es, tendo em vista a compet\u00eancia que lhe \u00e9  conferida pela Portaria n\u00ba 2.590, de 26 de setembro de 1997, de acordo  com o Art. 10, \u00a7 1\u00ba e 4\u00ba da Lei n\u00ba 11.091\/05; Art. 4\u00ba \u00a7 1\u00ba do Decreto n\u00ba  5.824\/06; Portaria MEC 09\/06; Portaria MEC 39\/11; Parecer MEC  50151\/2015\/DCC\/COLEP\/CGGP\/SAA; Portaria n\u00ba 18.908\/PROGEPE, de  16.08.2016; e, ainda o contido no processo n\u00ba 23075.030400\/2020-23, <\/p>\n\n\n\n<p>RESOLVE:<\/p>\n\n\n\n<p>I. Conceder progress\u00e3o por capacita\u00e7\u00e3o \nprofissional \u00e0 servidora DAIANE PERES BUSS SILVEIRA \u2013 3081284, ocupante \ndo cargo Assistente em Administra\u00e7\u00e3o, lotada no Departamento de Medicina\n Integrada do Setor de Ci\u00eancias da Sa\u00fade, do n\u00edvel D-01 para o D-02, \npadr\u00e3o de Vencimento 02, a partir de 17 de junho de 2020, conforme \nParecer da Unidade de An\u00e1lise de T\u00edtulos (2896661), no processo n\u00ba \n23075.030400\/2020-23.<\/p>\n\n\n\n<p>II. A citada servidora acumula para a pr\u00f3xima progress\u00e3o por capacita\u00e7\u00e3o 70 h (setenta horas).<\/p>\n\n\n\n<p style=\"text-align:right\"><strong>DOUGLAS ORTIZ HAMERMULLER<\/strong><\/p>\n","protected":false},"excerpt":{"rendered":"<p>I. Conceder progress\u00e3o por capacita\u00e7\u00e3o profissional \u00e0 servidora DAIANE PERES BUSS SILVEIRA \u2013 3081284, ocupante do cargo Assistente em Administra\u00e7\u00e3o, lotada no Departamento de Medicina Integrada do Setor de Ci\u00eancias da Sa\u00fade, do n\u00edvel D-01 para o D-02, padr\u00e3o de Vencimento 02, a partir de 17 de junho de 2020, conforme Parecer da Unidade de An\u00e1lise de T\u00edtulos (2896661), no processo n\u00ba 23075.030400\/2020-23.  II. A citada servidora acumula para a pr\u00f3xima progress\u00e3o por capacita\u00e7\u00e3o 70 h (setenta horas).  <!-- wp:paragraph {\"align\":\"right\"} \n\n<p style=\"text-align:right\"><strong>DOUGLAS ORTIZ HAMERMULLER<\/strong>\n<\/p>\n","protected":false},"author":48,"featured_media":0,"comment_status":"closed","ping_status":"closed","sticky":false,"template":"","format":"standard","meta":{"_acf_changed":false,"iawp_total_views":0,"footnotes":""},"categories":[116],"tags":[143],"class_list":["post-53480","post","type-post","status-publish","format-standard","hentry","category-progepe","tag-progressao-promocao"],"acf":[],"_links":{"self":[{"href":"https:\/\/progepe.ufpr.br\/portarias\/wp-json\/wp\/v2\/posts\/53480","targetHints":{"allow":["GET"]}}],"collection":[{"href":"https:\/\/progepe.ufpr.br\/portarias\/wp-json\/wp\/v2\/posts"}],"about":[{"href":"https:\/\/progepe.ufpr.br\/portarias\/wp-json\/wp\/v2\/types\/post"}],"author":[{"embeddable":true,"href":"https:\/\/progepe.ufpr.br\/portarias\/wp-json\/wp\/v2\/users\/48"}],"replies":[{"embeddable":true,"href":"https:\/\/progepe.ufpr.br\/portarias\/wp-json\/wp\/v2\/comments?post=53480"}],"version-history":[{"count":1,"href":"https:\/\/progepe.ufpr.br\/portarias\/wp-json\/wp\/v2\/posts\/53480\/revisions"}],"predecessor-version":[{"id":195599,"href":"https:\/\/progepe.ufpr.br\/portarias\/wp-json\/wp\/v2\/posts\/53480\/revisions\/195599"}],"wp:attachment":[{"href":"https:\/\/progepe.ufpr.br\/portarias\/wp-json\/wp\/v2\/media?parent=53480"}],"wp:term":[{"taxonomy":"category","embeddable":true,"href":"https:\/\/progepe.ufpr.br\/portarias\/wp-json\/wp\/v2\/categories?post=53480"},{"taxonomy":"post_tag","embeddable":true,"href":"https:\/\/progepe.ufpr.br\/portarias\/wp-json\/wp\/v2\/tags?post=53480"}],"curies":[{"name":"wp","href":"https:\/\/api.w.org\/{rel}","templated":true}]}}