{"id":53534,"date":"2020-09-02T05:02:00","date_gmt":"2020-09-02T08:02:00","guid":{"rendered":"http:\/\/progepe.ufpr.br\/portal\/?post_type=portarias&#038;p=53534"},"modified":"2023-08-03T13:20:22","modified_gmt":"2023-08-03T16:20:22","slug":"rt-2020-01341","status":"publish","type":"post","link":"https:\/\/progepe.ufpr.br\/portarias\/rt-2020-01341\/","title":{"rendered":"PORTARIA N\u00ba 01341\/REITORIA, DE 02 DE SETEMBRO DE 2020"},"content":{"rendered":"\n<p><strong>A Vice-Reitora da Universidade Federal do Paran\u00e1, no exerc\u00edcio do cargo de Reitora,\u00a0<\/strong>no uso de suas atribui\u00e7\u00f5es e tendo em vista o que consta no processo n\u00ba 23075.036300\/2020-19, <\/p>\n\n\n\n<p>RESOLVE: <\/p>\n\n\n\n<p>Convalidar, no per\u00edodo de 06 de julho de 2020 a 31\nde julho de 2020, os atos do servidor TONI ANDR\u00c9 SCHARLAU VIEIRA &#8211; 1624412,\ncomo&nbsp;Substituto Interino do servidor JO\u00c3O SOMMA NETO &#8211; 342722, na fun\u00e7\u00e3o\nde Coordenador do Curso de Gradua\u00e7\u00e3o do Setor de Artes, Comunica\u00e7\u00e3o e Design\n(Curso de Jornalismo).<\/p>\n\n\n\n<p style=\"text-align:right\"><strong>GRACIELA INES BOLZON DE MUNIZ<\/strong><\/p>\n","protected":false},"excerpt":{"rendered":"<p>A Vice-Reitora da Universidade Federal do Paran\u00e1, no exerc\u00edcio do cargo de Reitora,\u00a0no uso de suas atribui\u00e7\u00f5es e tendo em vista o que consta no processo n\u00ba 23075.036300\/2020-19, RESOLVE: Convalidar, no per\u00edodo de 06 de julho de 2020 a 31 de julho de 2020, os atos do servidor TONI ANDR\u00c9 SCHARLAU VIEIRA &#8211; 1624412, como&nbsp;Substituto [&hellip;]<\/p>\n","protected":false},"author":50,"featured_media":0,"comment_status":"closed","ping_status":"closed","sticky":false,"template":"","format":"standard","meta":{"_acf_changed":false,"iawp_total_views":0,"footnotes":""},"categories":[117],"tags":[120],"class_list":["post-53534","post","type-post","status-publish","format-standard","hentry","category-rt","tag-funcao"],"acf":[],"_links":{"self":[{"href":"https:\/\/progepe.ufpr.br\/portarias\/wp-json\/wp\/v2\/posts\/53534","targetHints":{"allow":["GET"]}}],"collection":[{"href":"https:\/\/progepe.ufpr.br\/portarias\/wp-json\/wp\/v2\/posts"}],"about":[{"href":"https:\/\/progepe.ufpr.br\/portarias\/wp-json\/wp\/v2\/types\/post"}],"author":[{"embeddable":true,"href":"https:\/\/progepe.ufpr.br\/portarias\/wp-json\/wp\/v2\/users\/50"}],"replies":[{"embeddable":true,"href":"https:\/\/progepe.ufpr.br\/portarias\/wp-json\/wp\/v2\/comments?post=53534"}],"version-history":[{"count":1,"href":"https:\/\/progepe.ufpr.br\/portarias\/wp-json\/wp\/v2\/posts\/53534\/revisions"}],"predecessor-version":[{"id":195606,"href":"https:\/\/progepe.ufpr.br\/portarias\/wp-json\/wp\/v2\/posts\/53534\/revisions\/195606"}],"wp:attachment":[{"href":"https:\/\/progepe.ufpr.br\/portarias\/wp-json\/wp\/v2\/media?parent=53534"}],"wp:term":[{"taxonomy":"category","embeddable":true,"href":"https:\/\/progepe.ufpr.br\/portarias\/wp-json\/wp\/v2\/categories?post=53534"},{"taxonomy":"post_tag","embeddable":true,"href":"https:\/\/progepe.ufpr.br\/portarias\/wp-json\/wp\/v2\/tags?post=53534"}],"curies":[{"name":"wp","href":"https:\/\/api.w.org\/{rel}","templated":true}]}}