{"id":53594,"date":"2020-09-02T05:01:00","date_gmt":"2020-09-02T08:01:00","guid":{"rendered":"http:\/\/progepe.ufpr.br\/portal\/?post_type=portarias&#038;p=53594"},"modified":"2023-08-03T13:20:22","modified_gmt":"2023-08-03T16:20:22","slug":"rt-2020-01340","status":"publish","type":"post","link":"https:\/\/progepe.ufpr.br\/portarias\/rt-2020-01340\/","title":{"rendered":"PORTARIA N\u00ba 01340\/REITORIA, DE 02 DE SETEMBRO DE 2020"},"content":{"rendered":"\r\n<p><strong>A Vice-Reitora da Universidade Federal do Paran\u00e1, no exerc\u00edcio do cargo de Reitora, <\/strong>no uso de suas atribui\u00e7\u00f5es, tendo em vista o que consta no artigo 39 do Estatuto desta Universidade e o contido no processo n\u00ba 23075.043919\/2020-71,<\/p>\r\n\r\n\r\n\r\n<p>RESOLVE:<\/p>\r\n\r\n\r\n\r\n<p>I.\u00a0Nomear a servidora PAOLA CAVALHEIRO PONCIANO &#8211; 1087115, ocupante do cargo de Professora, no regime de trabalho de dedica\u00e7\u00e3o exclusiva, para exercer a fun\u00e7\u00e3o de Suplente de Chefe do Departamento de Sociais e Humanas do Setor Palotina.<\/p>\r\n\r\n\r\n\r\n<p>II.\u00a0O mandato ser\u00e1 de 02 (dois) anos, a partir da data de publica\u00e7\u00e3o em DOU da portaria de nomea\u00e7\u00e3o do(a) titular.<\/p>\r\n\r\n\r\n\r\n<p>III.\u00a0Nos impedimentos do(a) Chefe, a mencionada docente cumprir\u00e1, obrigatoriamente, o regime de trabalho de tempo integral, de acordo com o disposto no \u00a7 5\u00ba, artigo 1\u00ba da Lei n\u00ba 8.168\/91.<\/p>\r\n\r\n\r\n\r\n<p style=\"text-align: right\"><strong>GRACIELA INES BOLZON DE MUNIZ<\/strong><\/p>\r\n","protected":false},"excerpt":{"rendered":"<p>I.\u00a0Nomear a servidora PAOLA CAVALHEIRO PONCIANO &#8211; 1087115, ocupante do cargo de Professora, no regime de trabalho de dedica\u00e7\u00e3o exclusiva, para exercer a fun\u00e7\u00e3o de Suplente de Chefe do Departamento de Sociais e Humanas do Setor Palotina.    II.\u00a0O mandato ser\u00e1 de 02 (dois) anos, a partir da data de publica\u00e7\u00e3o em DOU da portaria de nomea\u00e7\u00e3o do(a) titular.    III.\u00a0Nos impedimentos do(a) Chefe, a mencionada docente cumprir\u00e1, obrigatoriamente, o regime de trabalho de tempo integral, de acordo com o disposto no \u00a7 5\u00ba, artigo 1\u00ba da Lei n\u00ba 8.168\/91.<\/p>\n","protected":false},"author":50,"featured_media":0,"comment_status":"closed","ping_status":"closed","sticky":false,"template":"","format":"standard","meta":{"_acf_changed":false,"iawp_total_views":0,"footnotes":""},"categories":[117],"tags":[120],"class_list":["post-53594","post","type-post","status-publish","format-standard","hentry","category-rt","tag-funcao"],"acf":[],"_links":{"self":[{"href":"https:\/\/progepe.ufpr.br\/portarias\/wp-json\/wp\/v2\/posts\/53594","targetHints":{"allow":["GET"]}}],"collection":[{"href":"https:\/\/progepe.ufpr.br\/portarias\/wp-json\/wp\/v2\/posts"}],"about":[{"href":"https:\/\/progepe.ufpr.br\/portarias\/wp-json\/wp\/v2\/types\/post"}],"author":[{"embeddable":true,"href":"https:\/\/progepe.ufpr.br\/portarias\/wp-json\/wp\/v2\/users\/50"}],"replies":[{"embeddable":true,"href":"https:\/\/progepe.ufpr.br\/portarias\/wp-json\/wp\/v2\/comments?post=53594"}],"version-history":[{"count":2,"href":"https:\/\/progepe.ufpr.br\/portarias\/wp-json\/wp\/v2\/posts\/53594\/revisions"}],"predecessor-version":[{"id":195620,"href":"https:\/\/progepe.ufpr.br\/portarias\/wp-json\/wp\/v2\/posts\/53594\/revisions\/195620"}],"wp:attachment":[{"href":"https:\/\/progepe.ufpr.br\/portarias\/wp-json\/wp\/v2\/media?parent=53594"}],"wp:term":[{"taxonomy":"category","embeddable":true,"href":"https:\/\/progepe.ufpr.br\/portarias\/wp-json\/wp\/v2\/categories?post=53594"},{"taxonomy":"post_tag","embeddable":true,"href":"https:\/\/progepe.ufpr.br\/portarias\/wp-json\/wp\/v2\/tags?post=53594"}],"curies":[{"name":"wp","href":"https:\/\/api.w.org\/{rel}","templated":true}]}}