{"id":53765,"date":"2020-09-04T05:04:00","date_gmt":"2020-09-04T08:04:00","guid":{"rendered":"http:\/\/progepe.ufpr.br\/portal\/?post_type=portarias&#038;p=53765"},"modified":"2023-08-03T13:20:23","modified_gmt":"2023-08-03T16:20:23","slug":"rt-2020-01350","status":"publish","type":"post","link":"https:\/\/progepe.ufpr.br\/portarias\/rt-2020-01350\/","title":{"rendered":"PORTARIA N\u00ba 01350\/REITORIA, DE 04 DE SETEMBRO DE 2020"},"content":{"rendered":"\n<p><strong>A Vice-Reitora da Universidade Federal do Paran\u00e1, no exerc\u00edcio do cargo de Reitora, <\/strong>no uso de suas atribui\u00e7\u00f5es, tendo em vista a compet\u00eancia que lhe \u00e9 conferida pelo Art. 30, inciso V, do Estatuto da UFPR, em conson\u00e2ncia com o disposto nos Artigos 143, 148, 149, 150 e 152 da Lei n\u00ba 8.112\/; e, o que consta no processo n\u00ba 23075.057803\/2019-86 e relacionados,<\/p>\n\n\n\n<p>RESOLVE:<\/p>\n\n\n\n<p>Designar os servidores\u00a0SERGIO SAID STAUT JUNIOR\u00a0&#8211;\u00a01594932, Professor do Magist\u00e9rio Superior, lotado no Departamento de Direito Privado do Setor de Ci\u00eancias Jur\u00eddicas;\u00a0MIRIAM APARECIDA NIMTZ\u00a0&#8211;\u00a01981321, Professora do Magist\u00e9rio Superior, lotada no Departamento de Enfermagem do Setor de Ci\u00eancias da Sa\u00fade; e\u00a0ALEXANDRE KNESEBECK &#8211; 1046644, Professor do Magist\u00e9rio Superior, lotado no Departamento de Engenharia Qu\u00edmica do Setor de Tecnologia; para, sob a presid\u00eancia do primeiro, constitu\u00edrem Comiss\u00e3o de Processo Administrativo Disciplinar destinada a dar continuidade, no prazo de 60 (sessenta) dias, a contar de 9 de setembro de 2020, com o aproveitamento de todos os atos praticados e as provas colhidas, aos fatos de que trata o processo n\u00ba 23075.057803\/2019-86 e demais processos relacionados.<\/p>\n\n\n\n<p style=\"text-align:right\">Graciela\nInes Bolzon de Muniz<\/p>\n","protected":false},"excerpt":{"rendered":"<p>Designar os servidores\u00a0SERGIO SAID STAUT JUNIOR\u00a0&#8211;\u00a01594932, Professor do Magist\u00e9rio Superior, lotado no Departamento de Direito Privado do Setor de Ci\u00eancias Jur\u00eddicas;\u00a0MIRIAM APARECIDA NIMTZ\u00a0&#8211;\u00a01981321, Professora do Magist\u00e9rio Superior, lotada no Departamento de Enfermagem do Setor de Ci\u00eancias da Sa\u00fade; e\u00a0ALEXANDRE KNESEBECK &#8211; 1046644, Professor do Magist\u00e9rio Superior, lotado no Departamento de Engenharia Qu\u00edmica do Setor de Tecnologia; para, sob a presid\u00eancia do primeiro, constitu\u00edrem Comiss\u00e3o de Processo Administrativo Disciplinar destinada a dar continuidade, no prazo de 60 (sessenta) dias, a contar de 9 de setembro de 2020, com o aproveitamento de todos os atos praticados e as provas colhidas,<\/p>\n","protected":false},"author":49,"featured_media":0,"comment_status":"closed","ping_status":"closed","sticky":false,"template":"","format":"standard","meta":{"_acf_changed":false,"iawp_total_views":0,"footnotes":""},"categories":[117],"tags":[132],"class_list":["post-53765","post","type-post","status-publish","format-standard","hentry","category-rt","tag-pad-sindicancia"],"acf":[],"_links":{"self":[{"href":"https:\/\/progepe.ufpr.br\/portarias\/wp-json\/wp\/v2\/posts\/53765","targetHints":{"allow":["GET"]}}],"collection":[{"href":"https:\/\/progepe.ufpr.br\/portarias\/wp-json\/wp\/v2\/posts"}],"about":[{"href":"https:\/\/progepe.ufpr.br\/portarias\/wp-json\/wp\/v2\/types\/post"}],"author":[{"embeddable":true,"href":"https:\/\/progepe.ufpr.br\/portarias\/wp-json\/wp\/v2\/users\/49"}],"replies":[{"embeddable":true,"href":"https:\/\/progepe.ufpr.br\/portarias\/wp-json\/wp\/v2\/comments?post=53765"}],"version-history":[{"count":1,"href":"https:\/\/progepe.ufpr.br\/portarias\/wp-json\/wp\/v2\/posts\/53765\/revisions"}],"predecessor-version":[{"id":195628,"href":"https:\/\/progepe.ufpr.br\/portarias\/wp-json\/wp\/v2\/posts\/53765\/revisions\/195628"}],"wp:attachment":[{"href":"https:\/\/progepe.ufpr.br\/portarias\/wp-json\/wp\/v2\/media?parent=53765"}],"wp:term":[{"taxonomy":"category","embeddable":true,"href":"https:\/\/progepe.ufpr.br\/portarias\/wp-json\/wp\/v2\/categories?post=53765"},{"taxonomy":"post_tag","embeddable":true,"href":"https:\/\/progepe.ufpr.br\/portarias\/wp-json\/wp\/v2\/tags?post=53765"}],"curies":[{"name":"wp","href":"https:\/\/api.w.org\/{rel}","templated":true}]}}