{"id":53893,"date":"2020-09-04T05:00:00","date_gmt":"2020-09-04T08:00:00","guid":{"rendered":"http:\/\/progepe.ufpr.br\/portal\/?post_type=portarias&#038;p=53893"},"modified":"2023-08-03T13:20:22","modified_gmt":"2023-08-03T16:20:22","slug":"rt-2020-01346","status":"publish","type":"post","link":"https:\/\/progepe.ufpr.br\/portarias\/rt-2020-01346\/","title":{"rendered":"PORTARIA N\u00ba 01346\/REITORIA, DE 04 DE SETEMBRO DE 2020"},"content":{"rendered":"\n<p><strong>A Vice-Reitora da Universidade Federal do Paran\u00e1, no exerc\u00edcio do cargo de Reitora,&nbsp;<\/strong>no uso de suas atribui\u00e7\u00f5es, tendo em vista o que consta no artigo 50, \u00a7 \u00danico do Regimento Geral desta Universidade e o que consta no processo n\u00ba 23075.043219\/2020-87, <\/p>\n\n\n\n<p>RESOLVE: <\/p>\n\n\n\n<p>I.&nbsp;Nomear o servidor&nbsp;EVALDO RIBEIRO &#8211;\n1472704, ocupante do cargo de Professor, no regime de trabalho de dedica\u00e7\u00e3o\nexclusiva, para exercer a fun\u00e7\u00e3o de Coordenador de Curso de P\u00f3s-Gradua\u00e7\u00e3o do\nSetor de Tecnologia, FCC \u2013 Fun\u00e7\u00e3o Comissionada de Coordena\u00e7\u00e3o de Curso\n(Programa de P\u00f3s-Gradua\u00e7\u00e3o em Engenharia e Ci\u00eancias dos Materiais), autorizada\npela Lei n\u00ba 12.677, de 25 de junho de 2012, publicado no DOU de 26.06.2012 e\nPortaria\/MEC n\u00ba 1.172, de 17 de setembro de 2012, pelo per\u00edodo de 02 (dois)\nanos, a partir da data de publica\u00e7\u00e3o em DOU, de acordo com a Lei n\u00ba 9.527\/97.<\/p>\n\n\n\n<p>II.&nbsp;O mencionado docente cumprir\u00e1,\nobrigatoriamente, o regime de trabalho de tempo integral, de acordo com o\ndisposto no \u00a7 5\u00ba, artigo 1\u00ba da Lei n\u00ba 8.168\/91.<\/p>\n\n\n\n<p class=\"has-text-align-right\"><\/p>\n","protected":false},"excerpt":{"rendered":"<p>A Vice-Reitora da Universidade Federal do Paran\u00e1, no exerc\u00edcio do cargo de Reitora,&nbsp;no uso de suas atribui\u00e7\u00f5es, tendo em vista o que consta no artigo 50, \u00a7 \u00danico do Regimento Geral desta Universidade e o que consta no processo n\u00ba 23075.043219\/2020-87, RESOLVE: I.&nbsp;Nomear o servidor&nbsp;EVALDO RIBEIRO &#8211; 1472704, ocupante do cargo de Professor, no regime [&hellip;]<\/p>\n","protected":false},"author":50,"featured_media":0,"comment_status":"closed","ping_status":"open","sticky":false,"template":"","format":"standard","meta":{"_acf_changed":false,"iawp_total_views":0,"footnotes":""},"categories":[117],"tags":[120],"class_list":["post-53893","post","type-post","status-publish","format-standard","hentry","category-rt","tag-funcao"],"acf":[],"_links":{"self":[{"href":"https:\/\/progepe.ufpr.br\/portarias\/wp-json\/wp\/v2\/posts\/53893","targetHints":{"allow":["GET"]}}],"collection":[{"href":"https:\/\/progepe.ufpr.br\/portarias\/wp-json\/wp\/v2\/posts"}],"about":[{"href":"https:\/\/progepe.ufpr.br\/portarias\/wp-json\/wp\/v2\/types\/post"}],"author":[{"embeddable":true,"href":"https:\/\/progepe.ufpr.br\/portarias\/wp-json\/wp\/v2\/users\/50"}],"replies":[{"embeddable":true,"href":"https:\/\/progepe.ufpr.br\/portarias\/wp-json\/wp\/v2\/comments?post=53893"}],"version-history":[{"count":2,"href":"https:\/\/progepe.ufpr.br\/portarias\/wp-json\/wp\/v2\/posts\/53893\/revisions"}],"predecessor-version":[{"id":76034,"href":"https:\/\/progepe.ufpr.br\/portarias\/wp-json\/wp\/v2\/posts\/53893\/revisions\/76034"}],"wp:attachment":[{"href":"https:\/\/progepe.ufpr.br\/portarias\/wp-json\/wp\/v2\/media?parent=53893"}],"wp:term":[{"taxonomy":"category","embeddable":true,"href":"https:\/\/progepe.ufpr.br\/portarias\/wp-json\/wp\/v2\/categories?post=53893"},{"taxonomy":"post_tag","embeddable":true,"href":"https:\/\/progepe.ufpr.br\/portarias\/wp-json\/wp\/v2\/tags?post=53893"}],"curies":[{"name":"wp","href":"https:\/\/api.w.org\/{rel}","templated":true}]}}