{"id":54045,"date":"2020-09-04T10:11:00","date_gmt":"2020-09-04T13:11:00","guid":{"rendered":"http:\/\/progepe.ufpr.br\/portal\/?post_type=portarias&#038;p=54045"},"modified":"2023-10-04T13:58:50","modified_gmt":"2023-10-04T16:58:50","slug":"progepe-2020-02522","status":"publish","type":"post","link":"https:\/\/progepe.ufpr.br\/portarias\/progepe-2020-02522\/","title":{"rendered":"PORTARIA N\u00ba 02522\/PROGEPE, DE 04 DE SETEMBRO DE 2020"},"content":{"rendered":"\n<p>O\u00a0Pr\u00f3-Reitor\u00a0de Gest\u00e3o de Pessoas da Universidade Federal do Paran\u00e1,\u00a0no uso de suas atribui\u00e7\u00f5es, tendo em vista a compet\u00eancia que lhe \u00e9 conferida pela Portaria n\u00ba 2.590, de 26 de setembro de 1997, considerando o que consta na Resolu\u00e7\u00e3o n\u00ba 10\/2014-CEPE e ainda o que consta no processo n\u00ba 23075.089563\/2019-89,<\/p>\n\n\n\n<p><strong>RESOLVE:<\/strong><\/p>\n\n\n\n<p>Alterar, considerando os termos do Parecer de For\u00e7a Execut\u00f3ria\u00a0n\u00ba 00078\/2020\/SEGAP\/PFPR\/PGF\/AGU\u00a0(doc. SEI n\u00ba\u00a02924391), a Portaria n\u00ba 1.177\/PROGEPE, de 07\u00a0de abril de 2020, que concedeu progress\u00e3o funcional ao servidor CARLOS ALBERTO MARTINS DE CARVALHO &#8211; 1180791, lotado no Departamento de F\u00edsica do Setor de Ci\u00eancias Exatas, a fim de que passe a constar a progress\u00e3o constante no Parecer da CPPD (doc. SEI n\u00ba\u00a02393672), do n\u00edvel do n\u00edvel 6-01 da classe C &#8211; Adjunto, para o n\u00edvel 7-04\u00a0da classe D &#8211; Associado, e n\u00e3o como constou naquele ato.<\/p>\n","protected":false},"excerpt":{"rendered":"<p>Alterar, considerando os termos do Parecer de For\u00e7a Execut\u00f3ria\u00a0n\u00ba 00078\/2020\/SEGAP\/PFPR\/PGF\/AGU\u00a0(doc. SEI n\u00ba\u00a02924391), a Portaria n\u00ba 1.177\/PROGEPE, de 07\u00a0de abril de 2020, que concedeu progress\u00e3o funcional ao servidor CARLOS ALBERTO MARTINS DE CARVALHO &#8211; 1180791, lotado no Departamento de F\u00edsica do Setor de Ci\u00eancias Exatas, a fim de que passe a constar a progress\u00e3o constante no Parecer da CPPD (doc. SEI n\u00ba\u00a02393672), do n\u00edvel do n\u00edvel 6-01 da classe C &#8211; Adjunto, para o n\u00edvel 7-04\u00a0da classe D &#8211; Associado, e n\u00e3o como constou naquele ato.<\/p>\n","protected":false},"author":48,"featured_media":0,"comment_status":"closed","ping_status":"closed","sticky":false,"template":"","format":"standard","meta":{"_acf_changed":false,"iawp_total_views":0,"footnotes":""},"categories":[116],"tags":[143],"class_list":["post-54045","post","type-post","status-publish","format-standard","hentry","category-progepe","tag-progressao-promocao"],"acf":[],"_links":{"self":[{"href":"https:\/\/progepe.ufpr.br\/portarias\/wp-json\/wp\/v2\/posts\/54045","targetHints":{"allow":["GET"]}}],"collection":[{"href":"https:\/\/progepe.ufpr.br\/portarias\/wp-json\/wp\/v2\/posts"}],"about":[{"href":"https:\/\/progepe.ufpr.br\/portarias\/wp-json\/wp\/v2\/types\/post"}],"author":[{"embeddable":true,"href":"https:\/\/progepe.ufpr.br\/portarias\/wp-json\/wp\/v2\/users\/48"}],"replies":[{"embeddable":true,"href":"https:\/\/progepe.ufpr.br\/portarias\/wp-json\/wp\/v2\/comments?post=54045"}],"version-history":[{"count":5,"href":"https:\/\/progepe.ufpr.br\/portarias\/wp-json\/wp\/v2\/posts\/54045\/revisions"}],"predecessor-version":[{"id":252753,"href":"https:\/\/progepe.ufpr.br\/portarias\/wp-json\/wp\/v2\/posts\/54045\/revisions\/252753"}],"wp:attachment":[{"href":"https:\/\/progepe.ufpr.br\/portarias\/wp-json\/wp\/v2\/media?parent=54045"}],"wp:term":[{"taxonomy":"category","embeddable":true,"href":"https:\/\/progepe.ufpr.br\/portarias\/wp-json\/wp\/v2\/categories?post=54045"},{"taxonomy":"post_tag","embeddable":true,"href":"https:\/\/progepe.ufpr.br\/portarias\/wp-json\/wp\/v2\/tags?post=54045"}],"curies":[{"name":"wp","href":"https:\/\/api.w.org\/{rel}","templated":true}]}}