{"id":55043,"date":"2020-09-17T10:00:00","date_gmt":"2020-09-17T13:00:00","guid":{"rendered":"http:\/\/progepe.ufpr.br\/portal\/?post_type=portarias&#038;p=55043"},"modified":"2023-08-03T12:58:04","modified_gmt":"2023-08-03T15:58:04","slug":"progepe-2020-02640","status":"publish","type":"post","link":"https:\/\/progepe.ufpr.br\/portarias\/progepe-2020-02640\/","title":{"rendered":"PORTARIA N\u00ba 02640\/PROGEPE, DE 17 DE SETEMBRO DE 2020"},"content":{"rendered":"\n<p><strong>O Pr\u00f3-Reitor de Gest\u00e3o de Pessoas da Universidade Federal do Paran\u00e1, <\/strong>no uso de suas atribui\u00e7\u00f5es, tendo em vista a compet\u00eancia que lhe \u00e9 conferida pela Portaria n\u00ba 2.590, de 26 de setembro de 1997 e considerando o que consta no processo n\u00ba 23075.043276\/2020-66, <\/p>\n\n\n\n<p>RESOLVE: <\/p>\n\n\n\n<p>Retificar a Portaria n\u00ba 2531\/PROGEPE, de 04 de\nsetembro de 2019, que autorizou, a partir de 18 de agosto de 2020, a lota\u00e7\u00e3o de\nexerc\u00edcio do servidor SANDRO LANDSKRON &#8211; 2120204, ocupante do cargo de\nTecn\u00f3logo &#8211; Forma\u00e7\u00e3o, redistribu\u00eddo da Universidade Federal da Integra\u00e7\u00e3o\nLatino-Americana para a Universidade Federal do Paran\u00e1:<\/p>\n\n\n\n<p>Onde se l\u00ea:&nbsp;&#8230; na Coordenadoria de Licita\u00e7\u00f5es\ne Contrata\u00e7\u00f5es da Pr\u00f3-Reitoria de Administra\u00e7\u00e3o.<\/p>\n\n\n\n<p>Leia-se: &#8230; na&nbsp;Unidade de Planejamento e\nControle da Coordenadoria de Licita\u00e7\u00f5es e Contrata\u00e7\u00f5es da Pr\u00f3-Reitoria de\nAdministra\u00e7\u00e3o.<\/p>\n\n\n\n<p style=\"text-align:right\"><strong>DOUGLAS ORTIZ HAMERMULLER<\/strong><\/p>\n\n\n\n<p><\/p>\n","protected":false},"excerpt":{"rendered":"<p>O Pr\u00f3-Reitor de Gest\u00e3o de Pessoas da Universidade Federal do Paran\u00e1, no uso de suas atribui\u00e7\u00f5es, tendo em vista a compet\u00eancia que lhe \u00e9 conferida pela Portaria n\u00ba 2.590, de 26 de setembro de 1997 e considerando o que consta no processo n\u00ba 23075.043276\/2020-66, RESOLVE: Retificar a Portaria n\u00ba 2531\/PROGEPE, de 04 de setembro de [&hellip;]<\/p>\n","protected":false},"author":50,"featured_media":0,"comment_status":"closed","ping_status":"closed","sticky":false,"template":"","format":"standard","meta":{"_acf_changed":false,"iawp_total_views":0,"footnotes":""},"categories":[116],"tags":[146],"class_list":["post-55043","post","type-post","status-publish","format-standard","hentry","category-progepe","tag-localizacao"],"acf":[],"_links":{"self":[{"href":"https:\/\/progepe.ufpr.br\/portarias\/wp-json\/wp\/v2\/posts\/55043","targetHints":{"allow":["GET"]}}],"collection":[{"href":"https:\/\/progepe.ufpr.br\/portarias\/wp-json\/wp\/v2\/posts"}],"about":[{"href":"https:\/\/progepe.ufpr.br\/portarias\/wp-json\/wp\/v2\/types\/post"}],"author":[{"embeddable":true,"href":"https:\/\/progepe.ufpr.br\/portarias\/wp-json\/wp\/v2\/users\/50"}],"replies":[{"embeddable":true,"href":"https:\/\/progepe.ufpr.br\/portarias\/wp-json\/wp\/v2\/comments?post=55043"}],"version-history":[{"count":1,"href":"https:\/\/progepe.ufpr.br\/portarias\/wp-json\/wp\/v2\/posts\/55043\/revisions"}],"predecessor-version":[{"id":195760,"href":"https:\/\/progepe.ufpr.br\/portarias\/wp-json\/wp\/v2\/posts\/55043\/revisions\/195760"}],"wp:attachment":[{"href":"https:\/\/progepe.ufpr.br\/portarias\/wp-json\/wp\/v2\/media?parent=55043"}],"wp:term":[{"taxonomy":"category","embeddable":true,"href":"https:\/\/progepe.ufpr.br\/portarias\/wp-json\/wp\/v2\/categories?post=55043"},{"taxonomy":"post_tag","embeddable":true,"href":"https:\/\/progepe.ufpr.br\/portarias\/wp-json\/wp\/v2\/tags?post=55043"}],"curies":[{"name":"wp","href":"https:\/\/api.w.org\/{rel}","templated":true}]}}