{"id":55115,"date":"2020-09-17T10:01:00","date_gmt":"2020-09-17T13:01:00","guid":{"rendered":"http:\/\/progepe.ufpr.br\/portal\/?post_type=portarias&#038;p=55115"},"modified":"2023-08-03T12:58:04","modified_gmt":"2023-08-03T15:58:04","slug":"progepe-2020-02641","status":"publish","type":"post","link":"https:\/\/progepe.ufpr.br\/portarias\/progepe-2020-02641\/","title":{"rendered":"PORTARIA N\u00ba 02641\/PROGEPE, DE 17 DE SETEMBRO DE 2020"},"content":{"rendered":"\n<p><strong>O Pr\u00f3-Reitor de Gest\u00e3o de Pessoas da Universidade Federal do Paran\u00e1, <\/strong>no  uso de suas atribui\u00e7\u00f5es, tendo em vista a compet\u00eancia que lhe \u00e9  conferida pela Portaria n\u00ba 2.590, de 26 de setembro de 1997, de acordo  com os Artigos 11 e 12 da Lei n\u00ba 11.091\/05; os Anexos II e III do  Decreto n\u00ba 5.824\/06, Portaria n\u00ba 18.908\/2016 PROGEPE\/UFPR; Of\u00edcio  Circular SEI n\u00ba 2\/2019\/CGCARASSES\/CGCAR\/DESEN\/SGP\/SEDGG-ME; e, o que  consta no processo n\u00ba 23075.043716\/2020-85; <\/p>\n\n\n\n<p>RESOLVE:<\/p>\n\n\n\n<p> Conceder o Incentivo \u00e0 Qualifica\u00e7\u00e3o no percentual de 52% (cinquenta e  dois) por cento, a partir de 19 de agosto de 2020, \u00e0 servidora HELENICE  MARIA HANNEMANN &#8211; 1045612, ocupante do cargo de Assistente em  Administra\u00e7\u00e3o, lotada na Biblioteca de Ci\u00eancias da Sa\u00fade do Sistema de  Bibliotecas, tendo em vista ter apresentado Declara\u00e7\u00e3o de Conclus\u00e3o do  curso de P\u00f3s-Gradua\u00e7\u00e3o em n\u00edvel de\u00a0Mestrado Profissional em Educa\u00e7\u00e3o e  Novas Tecnologias, emitido pela UNINTER. <\/p>\n\n\n\n<p style=\"text-align:right\"><strong>DOUGLAS ORTIZ HAMERMULLER<\/strong><\/p>\n","protected":false},"excerpt":{"rendered":"<p>Conceder o Incentivo \u00e0 Qualifica\u00e7\u00e3o no percentual de 52% (cinquenta e dois) por cento, a partir de 19 de agosto de 2020, \u00e0 servidora HELENICE MARIA HANNEMANN &#8211; 1045612, ocupante do cargo de Assistente em Administra\u00e7\u00e3o, lotada na Biblioteca de Ci\u00eancias da Sa\u00fade do Sistema de Bibliotecas, tendo em vista ter apresentado Declara\u00e7\u00e3o de Conclus\u00e3o do curso de P\u00f3s-Gradua\u00e7\u00e3o em n\u00edvel de\u00a0Mestrado Profissional em Educa\u00e7\u00e3o e Novas Tecnologias, emitido pela UNINTER.  <!-- wp:paragraph {\"align\":\"right\"} \n\n<p style=\"text-align:right\"><strong>DOUGLAS ORTIZ HAMERMULLER<\/strong>\n<\/p>\n","protected":false},"author":48,"featured_media":0,"comment_status":"closed","ping_status":"closed","sticky":false,"template":"","format":"standard","meta":{"_acf_changed":false,"iawp_total_views":1,"footnotes":""},"categories":[116],"tags":[142],"class_list":["post-55115","post","type-post","status-publish","format-standard","hentry","category-progepe","tag-incentivo-qualificacao"],"acf":[],"_links":{"self":[{"href":"https:\/\/progepe.ufpr.br\/portarias\/wp-json\/wp\/v2\/posts\/55115","targetHints":{"allow":["GET"]}}],"collection":[{"href":"https:\/\/progepe.ufpr.br\/portarias\/wp-json\/wp\/v2\/posts"}],"about":[{"href":"https:\/\/progepe.ufpr.br\/portarias\/wp-json\/wp\/v2\/types\/post"}],"author":[{"embeddable":true,"href":"https:\/\/progepe.ufpr.br\/portarias\/wp-json\/wp\/v2\/users\/48"}],"replies":[{"embeddable":true,"href":"https:\/\/progepe.ufpr.br\/portarias\/wp-json\/wp\/v2\/comments?post=55115"}],"version-history":[{"count":1,"href":"https:\/\/progepe.ufpr.br\/portarias\/wp-json\/wp\/v2\/posts\/55115\/revisions"}],"predecessor-version":[{"id":195761,"href":"https:\/\/progepe.ufpr.br\/portarias\/wp-json\/wp\/v2\/posts\/55115\/revisions\/195761"}],"wp:attachment":[{"href":"https:\/\/progepe.ufpr.br\/portarias\/wp-json\/wp\/v2\/media?parent=55115"}],"wp:term":[{"taxonomy":"category","embeddable":true,"href":"https:\/\/progepe.ufpr.br\/portarias\/wp-json\/wp\/v2\/categories?post=55115"},{"taxonomy":"post_tag","embeddable":true,"href":"https:\/\/progepe.ufpr.br\/portarias\/wp-json\/wp\/v2\/tags?post=55115"}],"curies":[{"name":"wp","href":"https:\/\/api.w.org\/{rel}","templated":true}]}}