{"id":55163,"date":"2020-09-18T10:10:00","date_gmt":"2020-09-18T13:10:00","guid":{"rendered":"http:\/\/progepe.ufpr.br\/portal\/?post_type=portarias&#038;p=55163"},"modified":"2023-08-03T12:58:06","modified_gmt":"2023-08-03T15:58:06","slug":"progepe-2020-02658","status":"publish","type":"post","link":"https:\/\/progepe.ufpr.br\/portarias\/progepe-2020-02658\/","title":{"rendered":"PORTARIA N\u00ba 02658\/PROGEPE, DE 18 DE SETEMBRO DE 2020"},"content":{"rendered":"\n<p><strong>O Pr\u00f3-Reitor de Gest\u00e3o de Pessoas da Universidade Federal do Paran\u00e1, <\/strong>no uso de\nsuas atribui\u00e7\u00f5es, tendo em vista a compet\u00eancia que lhe \u00e9 conferida pela\nPortaria n\u00ba 2.590, de 26 de setembro de 1997 e considerando o que consta no\nprocesso n\u00ba 23075.045593\/2020-17,<\/p>\n\n\n\n<p>RESOLVE:<\/p>\n\n\n\n<p>Autorizar o\nafastamento integral da servidora LARISSA\nDESORDI BORTOLI &#8211; 2113035, ocupante do\ncargo de T\u00e9cnica de Laborat\u00f3rio &#8211; \u00c1rea, lotada no Departamento de Engenharias e\nExatas do Setor Palotina, com a finalidade de participar do Programa de\nP\u00f3s-Gradua\u00e7\u00e3o em Engenharia Qu\u00edmica, em n\u00edvel de Doutorado, na Universidade Federal\nde Uberl\u00e2ndia, no per\u00edodo de 26 de outubro de 2020 a 26 de outubro de 2022, com\n\u00f4nus limitado para a UFPR.<\/p>\n\n\n\n<p style=\"text-align:right\">Douglas Ortiz Hamermuller<\/p>\n","protected":false},"excerpt":{"rendered":"<p>Autorizar o afastamento integral da servidora LARISSA DESORDI BORTOLI &#8211; 2113035, ocupante do cargo de T\u00e9cnica de Laborat\u00f3rio &#8211; \u00c1rea, lotada no Departamento de Engenharias e Exatas do Setor Palotina, com a finalidade de participar do Programa de P\u00f3s-Gradua\u00e7\u00e3o em Engenharia Qu\u00edmica, em n\u00edvel de Doutorado, na Universidade Federal de Uberl\u00e2ndia, no per\u00edodo de 26 de outubro de 2020 a 26 de outubro de 2022, com \u00f4nus limitado para a UFPR.  <!-- wp:paragraph {\"align\":\"right\"} \n\n<p style=\"text-align:right\">Douglas Ortiz Hamermuller\n<\/p>\n","protected":false},"author":49,"featured_media":0,"comment_status":"closed","ping_status":"closed","sticky":false,"template":"","format":"standard","meta":{"_acf_changed":false,"iawp_total_views":0,"footnotes":""},"categories":[116],"tags":[123],"class_list":["post-55163","post","type-post","status-publish","format-standard","hentry","category-progepe","tag-afastamento-licenca"],"acf":[],"_links":{"self":[{"href":"https:\/\/progepe.ufpr.br\/portarias\/wp-json\/wp\/v2\/posts\/55163","targetHints":{"allow":["GET"]}}],"collection":[{"href":"https:\/\/progepe.ufpr.br\/portarias\/wp-json\/wp\/v2\/posts"}],"about":[{"href":"https:\/\/progepe.ufpr.br\/portarias\/wp-json\/wp\/v2\/types\/post"}],"author":[{"embeddable":true,"href":"https:\/\/progepe.ufpr.br\/portarias\/wp-json\/wp\/v2\/users\/49"}],"replies":[{"embeddable":true,"href":"https:\/\/progepe.ufpr.br\/portarias\/wp-json\/wp\/v2\/comments?post=55163"}],"version-history":[{"count":1,"href":"https:\/\/progepe.ufpr.br\/portarias\/wp-json\/wp\/v2\/posts\/55163\/revisions"}],"predecessor-version":[{"id":195770,"href":"https:\/\/progepe.ufpr.br\/portarias\/wp-json\/wp\/v2\/posts\/55163\/revisions\/195770"}],"wp:attachment":[{"href":"https:\/\/progepe.ufpr.br\/portarias\/wp-json\/wp\/v2\/media?parent=55163"}],"wp:term":[{"taxonomy":"category","embeddable":true,"href":"https:\/\/progepe.ufpr.br\/portarias\/wp-json\/wp\/v2\/categories?post=55163"},{"taxonomy":"post_tag","embeddable":true,"href":"https:\/\/progepe.ufpr.br\/portarias\/wp-json\/wp\/v2\/tags?post=55163"}],"curies":[{"name":"wp","href":"https:\/\/api.w.org\/{rel}","templated":true}]}}