{"id":55261,"date":"2020-09-18T10:08:00","date_gmt":"2020-09-18T13:08:00","guid":{"rendered":"http:\/\/progepe.ufpr.br\/portal\/?post_type=portarias&#038;p=55261"},"modified":"2023-08-03T12:58:06","modified_gmt":"2023-08-03T15:58:06","slug":"progepe-2020-02656","status":"publish","type":"post","link":"https:\/\/progepe.ufpr.br\/portarias\/progepe-2020-02656\/","title":{"rendered":"PORTARIA N\u00ba 02656\/PROGEPE, DE 18 DE SETEMBRO DE 2020"},"content":{"rendered":"\n<p><strong>O Pr\u00f3-Reitor de Gest\u00e3o de Pessoas da Universidade Federal do Paran\u00e1,<\/strong>  no uso de suas atribui\u00e7\u00f5es, tendo em vista a compet\u00eancia que lhe \u00e9  conferida pela Portaria n\u00ba 2.590, de 26 de setembro de 1997; o que  consta no Art. 100 e 103 da Lei n\u00ba 8.112\/90 e ainda o contido no  processo n\u00ba 23075.047641\/2020-10, <\/p>\n\n\n\n<p>RESOLVE:<\/p>\n\n\n\n<p>Averbar, a partir de 03 de setembro de \n2020, em favor da servidora ADRIANA HESSEL DALAGASSA &#8211; 2530950, ocupante\n do cargo de Professor do Magist\u00e9rio Superior, lotada no Departamento de\n Terapia Ocupacional do Setor de Ci\u00eancias da Sa\u00fade, o tempo de servi\u00e7o \nabaixo listado, para fins de:<\/p>\n\n\n\n<p>Aposentadoria e disponibilidade:<\/p>\n\n\n\n<table class=\"wp-block-table\"><tbody><tr><td>\n\t\t\tEMPRESA\n\t\t\t<\/td><td>\n\t\t\tPER\u00cdODO\n\t\t\t<\/td><td>\n\t\t\tTOTAL DE DIAS\n\t\t\t<\/td><\/tr><tr><td>\n\t\t\tCONTRIBUI\u00c7\u00c3O INDIVIDUAL\n\t\t\t<\/td><td>\n\t\t\t01\/11\/1989 a 31\/05\/1990&nbsp;\n\t\t\t<\/td><td>\n\t\t\t212\n\t\t\t<\/td><\/tr><tr><td>\n\t\t\tCONTRIBUI\u00c7\u00c3O INDIVIDUAL\n\t\t\t<\/td><td>\n\t\t\t01\/07\/1990 a 31\/01\/1991&nbsp;\n\t\t\t<\/td><td>\n\t\t\t215\n\t\t\t<\/td><\/tr><tr><td>\n\t\t\tCONTRIBUI\u00c7\u00c3O INDIVIDUAL\n\t\t\t<\/td><td>\n\t\t\t01\/08\/1994 a 30\/04\/1996&nbsp;\n\t\t\t<\/td><td>\n\t\t\t639\n\t\t\t<\/td><\/tr><tr><td>\n\t\t\tASSOCIACAO DE PAIS E AMIGOS DOS EXCEP DE JACAREZINHO\n\t\t\t<\/td><td>\n\t\t\t01\/04\/1997 a 31\/08\/1999&nbsp;\n\t\t\t<\/td><td>\n\t\t\t883\n\t\t\t<\/td><\/tr><tr><td>\n\t\t\tUNIAO DE PROFISSIONAIS PARA ATENDIMENTO DO EXCEPCIONAL\n\t\t\t<\/td><td>\n\t\t\t01\/06\/2003 a 30\/04\/2005&nbsp;\n\t\t\t<\/td><td>\n\t\t\t700\n\t\t\t<\/td><\/tr><tr><td>\n\t\t\tASSOCIACAO DO DEFICIENTE MOTOR\n\t\t\t<\/td><td>\n\t\t\t18\/04\/2006 a 20\/07\/2006\n\t\t\t<\/td><td>\n\t\t\t94<\/td><\/tr><\/tbody><\/table>\n\n\n\n<p style=\"text-align:right\"><strong>DOUGLAS ORTIZ HAMERMULLER<\/strong><\/p>\n","protected":false},"excerpt":{"rendered":"<p>Averbar, a partir de 03 de setembro de 2020, em favor da servidora ADRIANA HESSEL DALAGASSA &#8211; 2530950, ocupante do cargo de Professor do Magist\u00e9rio Superior, lotada no Departamento de Terapia Ocupacional do Setor de Ci\u00eancias da Sa\u00fade, o tempo de servi\u00e7o abaixo listado, para fins de:  Aposentadoria e disponibilidade:  <!-- wp:table \n\n<table class=\"wp-block-table\">\n\n<tbody>\n\n<tr>\n\n<td>  EMPRESA  <\/td>\n\n\n\n<td>  PER\u00cdODO  <\/td>\n\n\n\n<td>  TOTAL DE DIAS  <\/td>\n\n<\/tr>\n\n\n\n<tr>\n\n<td>  CONTRIBUI\u00c7\u00c3O INDIVIDUAL  <\/td>\n\n\n\n<td>  01\/11\/1989 a 31\/05\/1990&nbsp;  <\/td>\n\n\n\n<td>  212  <\/td>\n\n<\/tr>\n\n\n\n<tr>\n\n<td>  CONTRIBUI\u00c7\u00c3O INDIVIDUAL  <\/td>\n\n\n\n<td>  01\/07\/1990 a 31\/01\/1991&nbsp;  <\/td>\n\n\n\n<td>  215\n<\/p>\n","protected":false},"author":48,"featured_media":0,"comment_status":"closed","ping_status":"closed","sticky":false,"template":"","format":"standard","meta":{"_acf_changed":false,"iawp_total_views":0,"footnotes":""},"categories":[116],"tags":[140],"class_list":["post-55261","post","type-post","status-publish","format-standard","hentry","category-progepe","tag-averbacao-desaverbacao"],"acf":[],"_links":{"self":[{"href":"https:\/\/progepe.ufpr.br\/portarias\/wp-json\/wp\/v2\/posts\/55261","targetHints":{"allow":["GET"]}}],"collection":[{"href":"https:\/\/progepe.ufpr.br\/portarias\/wp-json\/wp\/v2\/posts"}],"about":[{"href":"https:\/\/progepe.ufpr.br\/portarias\/wp-json\/wp\/v2\/types\/post"}],"author":[{"embeddable":true,"href":"https:\/\/progepe.ufpr.br\/portarias\/wp-json\/wp\/v2\/users\/48"}],"replies":[{"embeddable":true,"href":"https:\/\/progepe.ufpr.br\/portarias\/wp-json\/wp\/v2\/comments?post=55261"}],"version-history":[{"count":1,"href":"https:\/\/progepe.ufpr.br\/portarias\/wp-json\/wp\/v2\/posts\/55261\/revisions"}],"predecessor-version":[{"id":195779,"href":"https:\/\/progepe.ufpr.br\/portarias\/wp-json\/wp\/v2\/posts\/55261\/revisions\/195779"}],"wp:attachment":[{"href":"https:\/\/progepe.ufpr.br\/portarias\/wp-json\/wp\/v2\/media?parent=55261"}],"wp:term":[{"taxonomy":"category","embeddable":true,"href":"https:\/\/progepe.ufpr.br\/portarias\/wp-json\/wp\/v2\/categories?post=55261"},{"taxonomy":"post_tag","embeddable":true,"href":"https:\/\/progepe.ufpr.br\/portarias\/wp-json\/wp\/v2\/tags?post=55261"}],"curies":[{"name":"wp","href":"https:\/\/api.w.org\/{rel}","templated":true}]}}