{"id":55268,"date":"2020-09-18T10:09:00","date_gmt":"2020-09-18T13:09:00","guid":{"rendered":"http:\/\/progepe.ufpr.br\/portal\/?post_type=portarias&#038;p=55268"},"modified":"2023-08-03T12:58:06","modified_gmt":"2023-08-03T15:58:06","slug":"progepe-2020-02657","status":"publish","type":"post","link":"https:\/\/progepe.ufpr.br\/portarias\/progepe-2020-02657\/","title":{"rendered":"PORTARIA N\u00ba 02657\/PROGEPE, DE 18 DE SETEMBRO DE 2020"},"content":{"rendered":"\n<p><strong>O Pr\u00f3-Reitor de Gest\u00e3o de Pessoas da Universidade Federal do Paran\u00e1,<\/strong>  no uso de suas atribui\u00e7\u00f5es, tendo em vista a compet\u00eancia que lhe \u00e9  conferida pela Portaria n\u00ba 2.590, de 26 de setembro de 1997; o que  consta no Art. 100 e 103 da Lei n\u00ba 8.112\/90 e ainda o contido no  processo n\u00ba 23075.049720\/2020-57, <\/p>\n\n\n\n<p>RESOLVE:<\/p>\n\n\n\n<p>Averbar, a partir de 16 de setembro de \n2020, em favor da servidora DIONE MARI CAETANO &#8211; 3005037, ocupante do \ncargo de Pedagogo \u00c1rea, lotada no Departamento de Enfermagem do Setor de\n Ci\u00eancias da Sa\u00fade, o tempo de servi\u00e7o abaixo listado, para fins de:<\/p>\n\n\n\n<p>Aposentadoria e disponibilidade:<\/p>\n\n\n\n<table class=\"wp-block-table\"><tbody><tr><td>\n\t\t\tEMPRESA\n\t\t\t<\/td><td>\n\t\t\tPER\u00cdODO\n\t\t\t<\/td><td>\n\t\t\tTOTAL DE DIAS\n\t\t\t<\/td><\/tr><tr><td>\n\t\t\tGRAZZIOTIN S A\n\t\t\t<\/td><td>\n\t\t\t25\/11\/2000 a 24\/12\/2000\n\t\t\t<\/td><td>\n\t\t\t30\n\t\t\t<\/td><\/tr><tr><td>\n\t\t\tGRAZZIOTIN S A\n\t\t\t<\/td><td>\n\t\t\t26\/11\/2001 a 25\/12\/2001&nbsp;\n\t\t\t<\/td><td>\n\t\t\t30\n\t\t\t<\/td><\/tr><tr><td>\n\t\t\tTRAJANO &amp; CIA LTDA\n\t\t\t<\/td><td>\n\t\t\t18\/02\/2003 a 21\/12\/2004&nbsp;\n\t\t\t<\/td><td>\n\t\t\t673\n\t\t\t<\/td><\/tr><tr><td>\n\t\t\tTRANSPORTES CHAVES LTDA\n\t\t\t<\/td><td>\n\t\t\t01\/06\/2005 a 30\/06\/2005&nbsp;\n\t\t\t<\/td><td>\n\t\t\t30\n\t\t\t<\/td><\/tr><tr><td>\n\t\t\tLOSSO COMERCIAL DE SECOS E MOLHADOS LTDA\n\t\t\t<\/td><td>\n\t\t\t16\/12\/2005 a 31\/12\/2005&nbsp;\n\t\t\t<\/td><td>\n\t\t\t16\n\t\t\t<\/td><\/tr><tr><td>\n\t\t\tLIBERATO FARMACIA EIRELI\n\t\t\t<\/td><td>\n\t\t\t01\/08\/2006 a 16\/07\/2007&nbsp;\n\t\t\t<\/td><td>\n\t\t\t350\n\t\t\t<\/td><\/tr><tr><td>\n\t\t\tQUALITY FORMULAS LTDA\n\t\t\t<\/td><td>\n\t\t\t02\/05\/2008 a 10\/03\/2009&nbsp;\n\t\t\t<\/td><td>\n\t\t\t313\n\t\t\t<\/td><\/tr><tr><td>\n\t\t\tCESUMAR &#8211; CENTRO DE ENSINO SUPERIOR DE MARINGA LTDA\n\t\t\t<\/td><td>\n\t\t\t01\/07\/2010 a 27\/06\/2014&nbsp;\n\t\t\t<\/td><td>\n\t\t\t1458\n\t\t\t<\/td><\/tr><tr><td>\n\t\t\tMUNICIPIO DE FAZENDA RIO GRANDE\n\t\t\t<\/td><td>\n\t\t\t24\/02\/2016 a 01\/08\/2017&nbsp;\n\t\t\t<\/td><td>\n\t\t\t525\n\t\t\t<\/td><\/tr><tr><td>\n\t\t\tSERVICO NACIONAL DE APRENDIZAGEM COMERCIAL\n\t\t\t<\/td><td>\n\t\t\t04\/09\/2017 a 15\/12\/2017&nbsp;\n\t\t\t<\/td><td>\n\t\t\t103<\/td><\/tr><\/tbody><\/table>\n\n\n\n<p style=\"text-align:right\"><strong>DOUGLAS ORTIZ HAMERMULLER<\/strong><\/p>\n","protected":false},"excerpt":{"rendered":"<p>Averbar, a partir de 16 de setembro de 2020, em favor da servidora DIONE MARI CAETANO &#8211; 3005037, ocupante do cargo de Pedagogo \u00c1rea, lotada no Departamento de Enfermagem do Setor de Ci\u00eancias da Sa\u00fade, o tempo de servi\u00e7o abaixo listado, para fins de:  Aposentadoria e disponibilidade:  <!-- wp:table \n\n<table class=\"wp-block-table\">\n\n<tbody>\n\n<tr>\n\n<td>  EMPRESA  <\/td>\n\n\n\n<td>  PER\u00cdODO  <\/td>\n\n\n\n<td>  TOTAL DE DIAS  <\/td>\n\n<\/tr>\n\n\n\n<tr>\n\n<td>  GRAZZIOTIN S A  <\/td>\n\n\n\n<td>  25\/11\/2000 a 24\/12\/2000  <\/td>\n\n\n\n<td>  30  <\/td>\n\n<\/tr>\n\n\n\n<tr>\n\n<td>  GRAZZIOTIN S A  <\/td>\n\n\n\n<td>  26\/11\/2001 a 25\/12\/2001&nbsp;  <\/td>\n\n\n\n<td>  30\n<\/p>\n","protected":false},"author":48,"featured_media":0,"comment_status":"closed","ping_status":"closed","sticky":false,"template":"","format":"standard","meta":{"_acf_changed":false,"iawp_total_views":3,"footnotes":""},"categories":[116],"tags":[140],"class_list":["post-55268","post","type-post","status-publish","format-standard","hentry","category-progepe","tag-averbacao-desaverbacao"],"acf":[],"_links":{"self":[{"href":"https:\/\/progepe.ufpr.br\/portarias\/wp-json\/wp\/v2\/posts\/55268","targetHints":{"allow":["GET"]}}],"collection":[{"href":"https:\/\/progepe.ufpr.br\/portarias\/wp-json\/wp\/v2\/posts"}],"about":[{"href":"https:\/\/progepe.ufpr.br\/portarias\/wp-json\/wp\/v2\/types\/post"}],"author":[{"embeddable":true,"href":"https:\/\/progepe.ufpr.br\/portarias\/wp-json\/wp\/v2\/users\/48"}],"replies":[{"embeddable":true,"href":"https:\/\/progepe.ufpr.br\/portarias\/wp-json\/wp\/v2\/comments?post=55268"}],"version-history":[{"count":1,"href":"https:\/\/progepe.ufpr.br\/portarias\/wp-json\/wp\/v2\/posts\/55268\/revisions"}],"predecessor-version":[{"id":195780,"href":"https:\/\/progepe.ufpr.br\/portarias\/wp-json\/wp\/v2\/posts\/55268\/revisions\/195780"}],"wp:attachment":[{"href":"https:\/\/progepe.ufpr.br\/portarias\/wp-json\/wp\/v2\/media?parent=55268"}],"wp:term":[{"taxonomy":"category","embeddable":true,"href":"https:\/\/progepe.ufpr.br\/portarias\/wp-json\/wp\/v2\/categories?post=55268"},{"taxonomy":"post_tag","embeddable":true,"href":"https:\/\/progepe.ufpr.br\/portarias\/wp-json\/wp\/v2\/tags?post=55268"}],"curies":[{"name":"wp","href":"https:\/\/api.w.org\/{rel}","templated":true}]}}