{"id":55357,"date":"2020-09-21T10:10:00","date_gmt":"2020-09-21T13:10:00","guid":{"rendered":"http:\/\/progepe.ufpr.br\/portal\/?post_type=portarias&#038;p=55357"},"modified":"2023-08-03T12:58:08","modified_gmt":"2023-08-03T15:58:08","slug":"progepe-2020-02671","status":"publish","type":"post","link":"https:\/\/progepe.ufpr.br\/portarias\/progepe-2020-02671\/","title":{"rendered":"PORTARIA N\u00ba 02671\/PROGEPE, DE 21 DE SETEMBRO DE 2020"},"content":{"rendered":"\n<p><strong>O Pr\u00f3-Reitor de Gest\u00e3o de Pessoas da Universidade Federal do Paran\u00e1,<\/strong>  no uso de suas atribui\u00e7\u00f5es, tendo em vista a compet\u00eancia que lhe \u00e9  conferida pela Portaria n\u00ba 2.590, de 26 de setembro de 1997,  considerando o que consta na Resolu\u00e7\u00e3o n\u00ba 10\/2014-CEPE e ainda o que  consta no processo n\u00ba 23075.038665\/2020-70; <\/p>\n\n\n\n<p>RESOLVE:<\/p>\n\n\n\n<p> Conceder promo\u00e7\u00e3o funcional ao servidor RONALDO DA ROCHA LOURES BUENO &#8211;  1510663, lotado no Departamento de Cl\u00ednica M\u00e9dica do Setor der Ci\u00eancias  da Sa\u00fade, do n\u00edvel 7-04 da classe D \u2013 Associado para o n\u00edvel 8-01 da  classe E &#8211; Titular, conforme parecer da CPPD na avalia\u00e7\u00e3o de desempenho,  a partir de 04 de setembro de 2020. <\/p>\n\n\n\n<p style=\"text-align:right\"><strong>DOUGLAS ORTIZ HAMERMULLER<\/strong><\/p>\n","protected":false},"excerpt":{"rendered":"<p>Conceder promo\u00e7\u00e3o funcional ao servidor RONALDO DA ROCHA LOURES BUENO &#8211; 1510663, lotado no Departamento de Cl\u00ednica M\u00e9dica do Setor der Ci\u00eancias da Sa\u00fade, do n\u00edvel 7-04 da classe D \u2013 Associado para o n\u00edvel 8-01 da classe E &#8211; Titular, conforme parecer da CPPD na avalia\u00e7\u00e3o de desempenho, a partir de 04 de setembro de 2020.  <!-- wp:paragraph {\"align\":\"right\"} \n\n<p style=\"text-align:right\"><strong>DOUGLAS ORTIZ HAMERMULLER<\/strong>\n<\/p>\n","protected":false},"author":48,"featured_media":0,"comment_status":"closed","ping_status":"closed","sticky":false,"template":"","format":"standard","meta":{"_acf_changed":false,"iawp_total_views":0,"footnotes":""},"categories":[116],"tags":[143],"class_list":["post-55357","post","type-post","status-publish","format-standard","hentry","category-progepe","tag-progressao-promocao"],"acf":[],"_links":{"self":[{"href":"https:\/\/progepe.ufpr.br\/portarias\/wp-json\/wp\/v2\/posts\/55357","targetHints":{"allow":["GET"]}}],"collection":[{"href":"https:\/\/progepe.ufpr.br\/portarias\/wp-json\/wp\/v2\/posts"}],"about":[{"href":"https:\/\/progepe.ufpr.br\/portarias\/wp-json\/wp\/v2\/types\/post"}],"author":[{"embeddable":true,"href":"https:\/\/progepe.ufpr.br\/portarias\/wp-json\/wp\/v2\/users\/48"}],"replies":[{"embeddable":true,"href":"https:\/\/progepe.ufpr.br\/portarias\/wp-json\/wp\/v2\/comments?post=55357"}],"version-history":[{"count":1,"href":"https:\/\/progepe.ufpr.br\/portarias\/wp-json\/wp\/v2\/posts\/55357\/revisions"}],"predecessor-version":[{"id":195794,"href":"https:\/\/progepe.ufpr.br\/portarias\/wp-json\/wp\/v2\/posts\/55357\/revisions\/195794"}],"wp:attachment":[{"href":"https:\/\/progepe.ufpr.br\/portarias\/wp-json\/wp\/v2\/media?parent=55357"}],"wp:term":[{"taxonomy":"category","embeddable":true,"href":"https:\/\/progepe.ufpr.br\/portarias\/wp-json\/wp\/v2\/categories?post=55357"},{"taxonomy":"post_tag","embeddable":true,"href":"https:\/\/progepe.ufpr.br\/portarias\/wp-json\/wp\/v2\/tags?post=55357"}],"curies":[{"name":"wp","href":"https:\/\/api.w.org\/{rel}","templated":true}]}}