{"id":55454,"date":"2020-09-22T10:02:00","date_gmt":"2020-09-22T13:02:00","guid":{"rendered":"http:\/\/progepe.ufpr.br\/portal\/?post_type=portarias&#038;p=55454"},"modified":"2023-08-03T12:58:09","modified_gmt":"2023-08-03T15:58:09","slug":"progepe-2020-02680","status":"publish","type":"post","link":"https:\/\/progepe.ufpr.br\/portarias\/progepe-2020-02680\/","title":{"rendered":"PORTARIA N\u00ba 02680\/PROGEPE, DE 22 DE SETEMBRO DE 2020"},"content":{"rendered":"\n<p><strong>O Pr\u00f3-Reitor de Gest\u00e3o de Pessoas da Universidade Federal do Paran\u00e1,<\/strong>  no uso de suas atribui\u00e7\u00f5es, tendo em vista a compet\u00eancia que lhe \u00e9  conferida pela Portaria n\u00ba 2.590, de 26 de setembro de 1997; o que  consta no Art. 100 e 103 da Lei n\u00ba 8.112\/90 e ainda o contido no  processo n\u00ba 23075.024854\/2020-65, <\/p>\n\n\n\n<p>RESOLVE:<\/p>\n\n\n\n<p>Averbar, a partir de 22 de abril de 2020, \nem favor da servidora CATARINA ANTUNES DE OLIVEIRA &#8211; 1216593, ocupante \ndo cargo de Auxiliar de Enfermagem, lotada no Servi\u00e7o de Ecografia da \nMaternidade do Hospital de Cl\u00ednicas, o tempo de servi\u00e7o abaixo listado, \npara fins de:<\/p>\n\n\n\n<p>Aposentadoria e disponibilidade:<\/p>\n\n\n\n<table class=\"wp-block-table\"><tbody><tr><td>\n\t\t\tEMPRESA\n\t\t\t<\/td><td>\n\t\t\tPER\u00cdODO\n\t\t\t<\/td><td>\n\t\t\tTOTAL DE DIAS\n\t\t\t<\/td><\/tr><tr><td>\n\t\t\tKADUKA LANCAMENTOS DE MODAS LTDA\n\t\t\t<\/td><td>\n\t\t\t10\/11\/1986 a 07\/02\/1987&nbsp;\n\t\t\t<\/td><td>\n\t\t\t90\n\t\t\t<\/td><\/tr><tr><td>\n\t\t\tHOSPITAL NOSSA SENHORA DAS GRACAS\n\t\t\t<\/td><td>\n\t\t\t28\/04\/1988 a 16\/02\/1989&nbsp;\n\t\t\t<\/td><td>\n\t\t\t295\n\t\t\t<\/td><\/tr><tr><td>\n\t\t\tFUNDACAO DA UNIVERSIDADE FEDERAL DO PARANA PARA O DESEN\n\t\t\t<\/td><td>\n\t\t\t08\/10\/1993 a 16\/01\/1997&nbsp;\n\t\t\t<\/td><td>\n\t\t\t1197<\/td><\/tr><\/tbody><\/table>\n\n\n\n<p style=\"text-align:right\"><strong>DOUGLAS ORTIZ HAMERMULLER<\/strong><\/p>\n","protected":false},"excerpt":{"rendered":"<p>Averbar, a partir de 22 de abril de 2020, em favor da servidora CATARINA ANTUNES DE OLIVEIRA &#8211; 1216593, ocupante do cargo de Auxiliar de Enfermagem, lotada no Servi\u00e7o de Ecografia da Maternidade do Hospital de Cl\u00ednicas, o tempo de servi\u00e7o abaixo listado, para fins de:  Aposentadoria e disponibilidade:  <!-- wp:table \n\n<table class=\"wp-block-table\">\n\n<tbody>\n\n<tr>\n\n<td>  EMPRESA  <\/td>\n\n\n\n<td>  PER\u00cdODO  <\/td>\n\n\n\n<td>  TOTAL DE DIAS  <\/td>\n\n<\/tr>\n\n\n\n<tr>\n\n<td>  KADUKA LANCAMENTOS DE MODAS LTDA  <\/td>\n\n\n\n<td>  10\/11\/1986 a 07\/02\/1987&nbsp;  <\/td>\n\n\n\n<td>  90  <\/td>\n\n<\/tr>\n\n\n\n<tr>\n\n<td>  HOSPITAL NOSSA SENHORA DAS GRACAS  <\/td>\n\n\n\n<td>  28\/04\/1988 a\n<\/p>\n","protected":false},"author":48,"featured_media":0,"comment_status":"closed","ping_status":"closed","sticky":false,"template":"","format":"standard","meta":{"_acf_changed":false,"iawp_total_views":0,"footnotes":""},"categories":[116],"tags":[140],"class_list":["post-55454","post","type-post","status-publish","format-standard","hentry","category-progepe","tag-averbacao-desaverbacao"],"acf":[],"_links":{"self":[{"href":"https:\/\/progepe.ufpr.br\/portarias\/wp-json\/wp\/v2\/posts\/55454","targetHints":{"allow":["GET"]}}],"collection":[{"href":"https:\/\/progepe.ufpr.br\/portarias\/wp-json\/wp\/v2\/posts"}],"about":[{"href":"https:\/\/progepe.ufpr.br\/portarias\/wp-json\/wp\/v2\/types\/post"}],"author":[{"embeddable":true,"href":"https:\/\/progepe.ufpr.br\/portarias\/wp-json\/wp\/v2\/users\/48"}],"replies":[{"embeddable":true,"href":"https:\/\/progepe.ufpr.br\/portarias\/wp-json\/wp\/v2\/comments?post=55454"}],"version-history":[{"count":1,"href":"https:\/\/progepe.ufpr.br\/portarias\/wp-json\/wp\/v2\/posts\/55454\/revisions"}],"predecessor-version":[{"id":195801,"href":"https:\/\/progepe.ufpr.br\/portarias\/wp-json\/wp\/v2\/posts\/55454\/revisions\/195801"}],"wp:attachment":[{"href":"https:\/\/progepe.ufpr.br\/portarias\/wp-json\/wp\/v2\/media?parent=55454"}],"wp:term":[{"taxonomy":"category","embeddable":true,"href":"https:\/\/progepe.ufpr.br\/portarias\/wp-json\/wp\/v2\/categories?post=55454"},{"taxonomy":"post_tag","embeddable":true,"href":"https:\/\/progepe.ufpr.br\/portarias\/wp-json\/wp\/v2\/tags?post=55454"}],"curies":[{"name":"wp","href":"https:\/\/api.w.org\/{rel}","templated":true}]}}