{"id":55658,"date":"2020-09-21T05:08:00","date_gmt":"2020-09-21T08:08:00","guid":{"rendered":"http:\/\/progepe.ufpr.br\/portal\/?post_type=portarias&#038;p=55658"},"modified":"2023-08-03T13:20:27","modified_gmt":"2023-08-03T16:20:27","slug":"rt-2020-01380","status":"publish","type":"post","link":"https:\/\/progepe.ufpr.br\/portarias\/rt-2020-01380\/","title":{"rendered":"PORTARIA N\u00ba 01380\/REITORIA, DE 21 DE SETEMBRO DE 2020"},"content":{"rendered":"\r\n<p><strong>O Reitor da Universidade Federal do Paran\u00e1, <\/strong>no uso de suas atribui\u00e7\u00f5es e tendo em vista o que consta no processo n\u00ba 23075.003766\/2020-20,<\/p>\r\n\r\n\r\n\r\n<p>RESOLVE:<\/p>\r\n\r\n\r\n\r\n<p>Designar, a partir da data de publica\u00e7\u00e3o em DOU, a servidora MARCIA ANDREIKO &#8211; 2026749, ocupante do cargo de Bibliotec\u00e1ria &#8211; Documentalista, lotada na Coordena\u00e7\u00e3o de Processos T\u00e9cnicos da Biblioteca Central do Sistema de Bibliotecas, como substituta eventual da servidora ANDREA CAROLINA GROHS &#8211; 1456051, na Fun\u00e7\u00e3o Gratificada, FG-3, de Chefe da Coordena\u00e7\u00e3o de Processos T\u00e9cnicos do Sistema de Bibliotecas.<\/p>\r\n\r\n\r\n\r\n<p style=\"text-align: right\">Ricardo Marcelo Fonseca<\/p>\r\n","protected":false},"excerpt":{"rendered":"<p>Designar, a partir da data de publica\u00e7\u00e3o em DOU, a servidora MARCIA ANDREIKO &#8211; 2026749, ocupante do cargo de Bibliotec\u00e1ria &#8211; Documentalista, lotada na Coordena\u00e7\u00e3o de Processos T\u00e9cnicos da Biblioteca Central do Sistema de Bibliotecas, como substituta eventual da servidora ANDREA CAROLINA GROHS &#8211; 1456051, na Fun\u00e7\u00e3o Gratificada, FG-3, de Chefe da Coordena\u00e7\u00e3o de Processos T\u00e9cnicos do Sistema de Bibliotecas.   <!-- wp:paragraph {\"align\":\"right\"}  \n\n<p style=\"text-align: right\">Ricardo Marcelo Fonseca\n<\/p>\n","protected":false},"author":49,"featured_media":0,"comment_status":"closed","ping_status":"closed","sticky":false,"template":"","format":"standard","meta":{"_acf_changed":false,"iawp_total_views":1,"footnotes":""},"categories":[117],"tags":[120],"class_list":["post-55658","post","type-post","status-publish","format-standard","hentry","category-rt","tag-funcao"],"acf":[],"_links":{"self":[{"href":"https:\/\/progepe.ufpr.br\/portarias\/wp-json\/wp\/v2\/posts\/55658","targetHints":{"allow":["GET"]}}],"collection":[{"href":"https:\/\/progepe.ufpr.br\/portarias\/wp-json\/wp\/v2\/posts"}],"about":[{"href":"https:\/\/progepe.ufpr.br\/portarias\/wp-json\/wp\/v2\/types\/post"}],"author":[{"embeddable":true,"href":"https:\/\/progepe.ufpr.br\/portarias\/wp-json\/wp\/v2\/users\/49"}],"replies":[{"embeddable":true,"href":"https:\/\/progepe.ufpr.br\/portarias\/wp-json\/wp\/v2\/comments?post=55658"}],"version-history":[{"count":1,"href":"https:\/\/progepe.ufpr.br\/portarias\/wp-json\/wp\/v2\/posts\/55658\/revisions"}],"predecessor-version":[{"id":195831,"href":"https:\/\/progepe.ufpr.br\/portarias\/wp-json\/wp\/v2\/posts\/55658\/revisions\/195831"}],"wp:attachment":[{"href":"https:\/\/progepe.ufpr.br\/portarias\/wp-json\/wp\/v2\/media?parent=55658"}],"wp:term":[{"taxonomy":"category","embeddable":true,"href":"https:\/\/progepe.ufpr.br\/portarias\/wp-json\/wp\/v2\/categories?post=55658"},{"taxonomy":"post_tag","embeddable":true,"href":"https:\/\/progepe.ufpr.br\/portarias\/wp-json\/wp\/v2\/tags?post=55658"}],"curies":[{"name":"wp","href":"https:\/\/api.w.org\/{rel}","templated":true}]}}