{"id":55911,"date":"2020-09-28T10:23:00","date_gmt":"2020-09-28T13:23:00","guid":{"rendered":"http:\/\/progepe.ufpr.br\/portal\/?post_type=portarias&#038;p=55911"},"modified":"2023-08-03T12:58:19","modified_gmt":"2023-08-03T15:58:19","slug":"progepe-2020-02763","status":"publish","type":"post","link":"https:\/\/progepe.ufpr.br\/portarias\/progepe-2020-02763\/","title":{"rendered":"PORTARIA N\u00ba 02763\/PROGEPE, DE 28 DE SETEMBRO DE 2020"},"content":{"rendered":"\n<p><strong>O Pr\u00f3-Reitor de Gest\u00e3o de Pessoas da Universidade Federal do Paran\u00e1, <\/strong>no uso de suas atribui\u00e7\u00f5es, tendo em vista a compet\u00eancia que lhe \u00e9 conferida pela Portaria n\u00ba 2.590, de 26 de setembro de 1997 e considerando o contido no Art. 20 da Lei n\u00ba 8.112\/90, Resolu\u00e7\u00e3o n\u00ba 002\/2000\u2011COPLAD e ainda o contido no processo n\u00ba 23075.037404\/2020-32, <\/p>\n\n\n\n<p>RESOLVE: <\/p>\n\n\n\n<p>Homologar o resultado da avalia\u00e7\u00e3o de est\u00e1gio\nprobat\u00f3rio do servidor PAULO SERGIO DE OLIVEIRA JUNIOR&nbsp;&#8211; 3006107, ocupante\ndo cargo de Professor do Magist\u00e9rio Superior, lotado no Departamento de\nGeom\u00e1tica do Setor de Ci\u00eancias da Terra, aprovado no citado est\u00e1gio\ncom&nbsp;100 (cem) pontos.<\/p>\n\n\n\n<p><strong>DOUGLAS ORTIZ HAMERMULLER<\/strong><\/p>\n","protected":false},"excerpt":{"rendered":"<p>O Pr\u00f3-Reitor de Gest\u00e3o de Pessoas da Universidade Federal do Paran\u00e1, no uso de suas atribui\u00e7\u00f5es, tendo em vista a compet\u00eancia que lhe \u00e9 conferida pela Portaria n\u00ba 2.590, de 26 de setembro de 1997 e considerando o contido no Art. 20 da Lei n\u00ba 8.112\/90, Resolu\u00e7\u00e3o n\u00ba 002\/2000\u2011COPLAD e ainda o contido no processo [&hellip;]<\/p>\n","protected":false},"author":50,"featured_media":0,"comment_status":"closed","ping_status":"closed","sticky":false,"template":"","format":"standard","meta":{"_acf_changed":false,"iawp_total_views":0,"footnotes":""},"categories":[116],"tags":[136],"class_list":["post-55911","post","type-post","status-publish","format-standard","hentry","category-progepe","tag-estagio-probatorio"],"acf":[],"_links":{"self":[{"href":"https:\/\/progepe.ufpr.br\/portarias\/wp-json\/wp\/v2\/posts\/55911","targetHints":{"allow":["GET"]}}],"collection":[{"href":"https:\/\/progepe.ufpr.br\/portarias\/wp-json\/wp\/v2\/posts"}],"about":[{"href":"https:\/\/progepe.ufpr.br\/portarias\/wp-json\/wp\/v2\/types\/post"}],"author":[{"embeddable":true,"href":"https:\/\/progepe.ufpr.br\/portarias\/wp-json\/wp\/v2\/users\/50"}],"replies":[{"embeddable":true,"href":"https:\/\/progepe.ufpr.br\/portarias\/wp-json\/wp\/v2\/comments?post=55911"}],"version-history":[{"count":1,"href":"https:\/\/progepe.ufpr.br\/portarias\/wp-json\/wp\/v2\/posts\/55911\/revisions"}],"predecessor-version":[{"id":195879,"href":"https:\/\/progepe.ufpr.br\/portarias\/wp-json\/wp\/v2\/posts\/55911\/revisions\/195879"}],"wp:attachment":[{"href":"https:\/\/progepe.ufpr.br\/portarias\/wp-json\/wp\/v2\/media?parent=55911"}],"wp:term":[{"taxonomy":"category","embeddable":true,"href":"https:\/\/progepe.ufpr.br\/portarias\/wp-json\/wp\/v2\/categories?post=55911"},{"taxonomy":"post_tag","embeddable":true,"href":"https:\/\/progepe.ufpr.br\/portarias\/wp-json\/wp\/v2\/tags?post=55911"}],"curies":[{"name":"wp","href":"https:\/\/api.w.org\/{rel}","templated":true}]}}