{"id":55948,"date":"2020-09-28T10:24:00","date_gmt":"2020-09-28T13:24:00","guid":{"rendered":"http:\/\/progepe.ufpr.br\/portal\/?post_type=portarias&#038;p=55948"},"modified":"2023-08-03T12:58:19","modified_gmt":"2023-08-03T15:58:19","slug":"progepe-2020-02764","status":"publish","type":"post","link":"https:\/\/progepe.ufpr.br\/portarias\/progepe-2020-02764\/","title":{"rendered":"PORTARIA N\u00ba 02764\/PROGEPE, DE 28 DE SETEMBRO DE 2020"},"content":{"rendered":"\n<p><strong>O Pr\u00f3-Reitor de Gest\u00e3o de Pessoas da Universidade Federal do Paran\u00e1,<\/strong>\u00a0no  uso de suas atribui\u00e7\u00f5es, tendo em vista a compet\u00eancia que lhe \u00e9  conferida pela Portaria n\u00ba 2.590, de 26 de setembro de 1997,  considerando o que consta na Resolu\u00e7\u00e3o n\u00ba 10\/2014-CEPE e ainda o que  consta no processo n\u00ba 23075.072491\/2019-31; <\/p>\n\n\n\n<p>RESOLVE:<\/p>\n\n\n\n<p> Alterar, considerando os termos do Parecer de For\u00e7a Execut\u00f3ria\u00a0n\u00ba 00078\/2020\/SEGAP\/PFPR\/PGF\/AGU\u00a0(doc. SEI n\u00ba\u00a0<a rel=\"noreferrer noopener\" href=\"https:\/\/sei.ufpr.br\/sei\/web\/controlador.php?acao=protocolo_visualizar&amp;id_protocolo=3202210&amp;id_procedimento_atual=2356678&amp;infra_sistema=100000100&amp;infra_unidade_atual=440&amp;infra_hash=b6c13f26c692d0a4c0044224463d8f706add6d7ddb500f7740beeec24f0612b8\" target=\"_blank\">2963861<\/a>), a Portaria n\u00ba  13\/PROGEPE, de 02\u00a0de janeiro de 2020, que concedeu progress\u00e3o funcional  ao servidor ELISIANI VITORIA TIEPOLO \u2013 1765522, lotado na Coordena\u00e7\u00e3o da  C\u00e2mara Curso de Linguagem e Comunica\u00e7\u00e3o do Setor Litoral, a fim de que  passe a constar a progress\u00e3o\u00a0constante no Parecer da CPPD (doc. SEI n\u00ba\u00a0<a rel=\"noreferrer noopener\" href=\"https:\/\/sei.ufpr.br\/sei\/web\/controlador.php?acao=protocolo_visualizar&amp;id_protocolo=2356680&amp;id_procedimento_atual=2356678&amp;infra_sistema=100000100&amp;infra_unidade_atual=440&amp;infra_hash=01fa7280e60de5b771e5720fe913a41ae719a5245dd67ed06bf83a0a321f1850\" target=\"_blank\">2195357<\/a>), do n\u00edvel 5-01\u00a0da classe B\u00a0\u2013 Assistente, para o n\u00edvel 6-03\u00a0da classe C\u00a0&#8211; Adjunto, e n\u00e3o como constou naquele ato. <\/p>\n\n\n\n<p style=\"text-align:right\"><strong>DOUGLAS ORTIZ HAMERMULLER<\/strong><\/p>\n","protected":false},"excerpt":{"rendered":"<p>Alterar, considerando os termos do Parecer de For\u00e7a Execut\u00f3ria\u00a0n\u00ba 00078\/2020\/SEGAP\/PFPR\/PGF\/AGU\u00a0(doc. SEI n\u00ba\u00a0<a rel=\"noreferrer noopener\" href=\"https:\/\/sei.ufpr.br\/sei\/web\/controlador.php?acao=protocolo_visualizar&amp;id_protocolo=3202210&amp;id_procedimento_atual=2356678&amp;infra_sistema=100000100&amp;infra_unidade_atual=440&amp;infra_hash=b6c13f26c692d0a4c0044224463d8f706add6d7ddb500f7740beeec24f0612b8\" target=\"_blank\">2963861<\/a>), a Portaria n\u00ba 13\/PROGEPE, de 02\u00a0de janeiro de 2020, que concedeu progress\u00e3o funcional ao servidor ELISIANI VITORIA TIEPOLO \u2013 1765522, lotado na Coordena\u00e7\u00e3o da C\u00e2mara Curso de Linguagem e Comunica\u00e7\u00e3o do Setor Litoral, a fim de que passe a constar a progress\u00e3o\u00a0constante no Parecer da CPPD (doc. SEI n\u00ba\u00a0<a rel=\"noreferrer noopener\" href=\"https:\/\/sei.ufpr.br\/sei\/web\/controlador.php?acao=protocolo_visualizar&amp;id_protocolo=2356680&amp;id_procedimento_atual=2356678&amp;infra_sistema=100000100&amp;infra_unidade_atual=440&amp;infra_hash=01fa7280e60de5b771e57\n<\/p>\n","protected":false},"author":48,"featured_media":0,"comment_status":"closed","ping_status":"closed","sticky":false,"template":"","format":"standard","meta":{"_acf_changed":false,"iawp_total_views":0,"footnotes":""},"categories":[116],"tags":[143],"class_list":["post-55948","post","type-post","status-publish","format-standard","hentry","category-progepe","tag-progressao-promocao"],"acf":[],"_links":{"self":[{"href":"https:\/\/progepe.ufpr.br\/portarias\/wp-json\/wp\/v2\/posts\/55948","targetHints":{"allow":["GET"]}}],"collection":[{"href":"https:\/\/progepe.ufpr.br\/portarias\/wp-json\/wp\/v2\/posts"}],"about":[{"href":"https:\/\/progepe.ufpr.br\/portarias\/wp-json\/wp\/v2\/types\/post"}],"author":[{"embeddable":true,"href":"https:\/\/progepe.ufpr.br\/portarias\/wp-json\/wp\/v2\/users\/48"}],"replies":[{"embeddable":true,"href":"https:\/\/progepe.ufpr.br\/portarias\/wp-json\/wp\/v2\/comments?post=55948"}],"version-history":[{"count":1,"href":"https:\/\/progepe.ufpr.br\/portarias\/wp-json\/wp\/v2\/posts\/55948\/revisions"}],"predecessor-version":[{"id":195885,"href":"https:\/\/progepe.ufpr.br\/portarias\/wp-json\/wp\/v2\/posts\/55948\/revisions\/195885"}],"wp:attachment":[{"href":"https:\/\/progepe.ufpr.br\/portarias\/wp-json\/wp\/v2\/media?parent=55948"}],"wp:term":[{"taxonomy":"category","embeddable":true,"href":"https:\/\/progepe.ufpr.br\/portarias\/wp-json\/wp\/v2\/categories?post=55948"},{"taxonomy":"post_tag","embeddable":true,"href":"https:\/\/progepe.ufpr.br\/portarias\/wp-json\/wp\/v2\/tags?post=55948"}],"curies":[{"name":"wp","href":"https:\/\/api.w.org\/{rel}","templated":true}]}}