{"id":55968,"date":"2020-09-28T10:21:00","date_gmt":"2020-09-28T13:21:00","guid":{"rendered":"http:\/\/progepe.ufpr.br\/portal\/?post_type=portarias&#038;p=55968"},"modified":"2023-08-03T12:58:19","modified_gmt":"2023-08-03T15:58:19","slug":"progepe-2020-02761","status":"publish","type":"post","link":"https:\/\/progepe.ufpr.br\/portarias\/progepe-2020-02761\/","title":{"rendered":"PORTARIA N\u00ba 02761\/PROGEPE, DE 28 DE SETEMBRO DE 2020"},"content":{"rendered":"\n<p><strong>O Pr\u00f3-Reitor de Gest\u00e3o de Pessoas da Universidade Federal do Paran\u00e1,<\/strong>\u00a0no  uso de suas atribui\u00e7\u00f5es, tendo em vista a compet\u00eancia que lhe \u00e9  conferida pela Portaria n\u00ba 2.590, de 26 de setembro de 1997,  considerando o que consta na Resolu\u00e7\u00e3o n\u00ba 10\/2014-CEPE e ainda o que  consta no processo n\u00ba 23075.041173\/2019-28; <\/p>\n\n\n\n<p>RESOLVE:<\/p>\n\n\n\n<p> Alterar, considerando os termos do Parecer de For\u00e7a Execut\u00f3ria\u00a0n\u00ba 00078\/2020\/SEGAP\/PFPR\/PGF\/AGU\u00a0(doc. SEI n\u00ba\u00a0<a rel=\"noreferrer noopener\" href=\"https:\/\/sei.ufpr.br\/sei\/web\/controlador.php?acao=protocolo_visualizar&amp;id_protocolo=3201929&amp;id_procedimento_atual=2009698&amp;infra_sistema=100000100&amp;infra_unidade_atual=440&amp;infra_hash=d3815d288d3c4bcfe4c42e5a431fec47e1da796752988a0b76534faa1aa77cf7\" target=\"_blank\">2963609<\/a>), a Portaria n\u00ba  23\/PROGEPE, de 02\u00a0de janeiro de 2020, que concedeu progress\u00e3o funcional  ao servidor LEONARDO FADEL CURY \u2013 2582988, lotado no Departamento de  Geologia do Setor de Ci\u00eancias da Terra, a fim de que passe a constar a  progress\u00e3o constante no Parecer da CPPD (doc. SEI n\u00ba\u00a0<a rel=\"noreferrer noopener\" href=\"https:\/\/sei.ufpr.br\/sei\/web\/controlador.php?acao=protocolo_visualizar&amp;id_protocolo=2009700&amp;id_procedimento_atual=2009698&amp;infra_sistema=100000100&amp;infra_unidade_atual=440&amp;infra_hash=cfae5ba45b61ab485ebad2c0a39265cf873dfa38ecde24ea529afa4dff077690\" target=\"_blank\">1882660<\/a>), do n\u00edvel 6-03\u00a0da classe C \u2013 Adjunto, para o n\u00edvel 7-02\u00a0da classe D &#8211; Associado, e n\u00e3o como constou naquele ato. <\/p>\n\n\n\n<p style=\"text-align:right\"><strong>DOUGLAS ORTIZ HAMERMULLER<\/strong><\/p>\n","protected":false},"excerpt":{"rendered":"<p>Alterar, considerando os termos do Parecer de For\u00e7a Execut\u00f3ria\u00a0n\u00ba 00078\/2020\/SEGAP\/PFPR\/PGF\/AGU\u00a0(doc. SEI n\u00ba\u00a0<a rel=\"noreferrer noopener\" href=\"https:\/\/sei.ufpr.br\/sei\/web\/controlador.php?acao=protocolo_visualizar&amp;id_protocolo=3201929&amp;id_procedimento_atual=2009698&amp;infra_sistema=100000100&amp;infra_unidade_atual=440&amp;infra_hash=d3815d288d3c4bcfe4c42e5a431fec47e1da796752988a0b76534faa1aa77cf7\" target=\"_blank\">2963609<\/a>), a Portaria n\u00ba 23\/PROGEPE, de 02\u00a0de janeiro de 2020, que concedeu progress\u00e3o funcional ao servidor LEONARDO FADEL CURY \u2013 2582988, lotado no Departamento de Geologia do Setor de Ci\u00eancias da Terra, a fim de que passe a constar a progress\u00e3o constante no Parecer da CPPD (doc. SEI n\u00ba\u00a0<a rel=\"noreferrer noopener\" href=\"https:\/\/sei.ufpr.br\/sei\/web\/controlador.php?acao=protocolo_visualizar&amp;id_protocolo=2009700&amp;id_procedimento_atual=2009698&amp;infra_sistema=100000100&amp;infra_unidade_atual=440&amp;infra_hash=cfae5ba45b61ab485ebad2c0a39265cf873dfa38ecd\n<\/p>\n","protected":false},"author":48,"featured_media":0,"comment_status":"closed","ping_status":"closed","sticky":false,"template":"","format":"standard","meta":{"_acf_changed":false,"iawp_total_views":0,"footnotes":""},"categories":[116],"tags":[143],"class_list":["post-55968","post","type-post","status-publish","format-standard","hentry","category-progepe","tag-progressao-promocao"],"acf":[],"_links":{"self":[{"href":"https:\/\/progepe.ufpr.br\/portarias\/wp-json\/wp\/v2\/posts\/55968","targetHints":{"allow":["GET"]}}],"collection":[{"href":"https:\/\/progepe.ufpr.br\/portarias\/wp-json\/wp\/v2\/posts"}],"about":[{"href":"https:\/\/progepe.ufpr.br\/portarias\/wp-json\/wp\/v2\/types\/post"}],"author":[{"embeddable":true,"href":"https:\/\/progepe.ufpr.br\/portarias\/wp-json\/wp\/v2\/users\/48"}],"replies":[{"embeddable":true,"href":"https:\/\/progepe.ufpr.br\/portarias\/wp-json\/wp\/v2\/comments?post=55968"}],"version-history":[{"count":1,"href":"https:\/\/progepe.ufpr.br\/portarias\/wp-json\/wp\/v2\/posts\/55968\/revisions"}],"predecessor-version":[{"id":195887,"href":"https:\/\/progepe.ufpr.br\/portarias\/wp-json\/wp\/v2\/posts\/55968\/revisions\/195887"}],"wp:attachment":[{"href":"https:\/\/progepe.ufpr.br\/portarias\/wp-json\/wp\/v2\/media?parent=55968"}],"wp:term":[{"taxonomy":"category","embeddable":true,"href":"https:\/\/progepe.ufpr.br\/portarias\/wp-json\/wp\/v2\/categories?post=55968"},{"taxonomy":"post_tag","embeddable":true,"href":"https:\/\/progepe.ufpr.br\/portarias\/wp-json\/wp\/v2\/tags?post=55968"}],"curies":[{"name":"wp","href":"https:\/\/api.w.org\/{rel}","templated":true}]}}