{"id":56188,"date":"2020-09-30T10:07:00","date_gmt":"2020-09-30T13:07:00","guid":{"rendered":"http:\/\/progepe.ufpr.br\/portal\/?post_type=portarias&#038;p=56188"},"modified":"2023-08-03T12:58:23","modified_gmt":"2023-08-03T15:58:23","slug":"progepe-2020-02791","status":"publish","type":"post","link":"https:\/\/progepe.ufpr.br\/portarias\/progepe-2020-02791\/","title":{"rendered":"PORTARIA N\u00ba 02791\/PROGEPE, DE 30 DE SETEMBRO DE 2020"},"content":{"rendered":"\n<p><strong>O Pr\u00f3-Reitor de Gest\u00e3o de Pessoas da Universidade Federal do Paran\u00e1, <\/strong>no uso de suas atribui\u00e7\u00f5es, tendo em vista a compet\u00eancia que lhe \u00e9 conferida pela Portaria n\u00ba 2.590, de 26 de setembro de 1997 e considerando o que consta no processo n\u00ba 23075.045069\/2020-46, <\/p>\n\n\n\n<p>RESOLVE: <\/p>\n\n\n\n<p>I. Autorizar, considerando o per\u00edodo de calamidade\np\u00fablica com o COVID-19, a movimenta\u00e7\u00e3o da servidora CRISLAINE CAROLINE SERPE &#8211;\n1974865, ocupante do cargo de M\u00e9dica &#8211; \u00c1rea, para o &nbsp;Centro da Vis\u00e3o do\nHospital de Cl\u00ednicas, durante o per\u00edodo de 14 de setembro de 2020 a 31 de\ndezembro de 2020.<\/p>\n\n\n\n<p>II. Excluir, a partir da mesma data, o adicional de\ninsalubridade concedido \u00e0 citada servidora.<\/p>\n\n\n\n<p style=\"text-align:right\"><strong>DOUGLAS ORTIZ HAMERMULLER<\/strong><\/p>\n","protected":false},"excerpt":{"rendered":"<p>O Pr\u00f3-Reitor de Gest\u00e3o de Pessoas da Universidade Federal do Paran\u00e1, no uso de suas atribui\u00e7\u00f5es, tendo em vista a compet\u00eancia que lhe \u00e9 conferida pela Portaria n\u00ba 2.590, de 26 de setembro de 1997 e considerando o que consta no processo n\u00ba 23075.045069\/2020-46, RESOLVE: I. Autorizar, considerando o per\u00edodo de calamidade p\u00fablica com o [&hellip;]<\/p>\n","protected":false},"author":50,"featured_media":0,"comment_status":"closed","ping_status":"closed","sticky":false,"template":"","format":"standard","meta":{"_acf_changed":false,"iawp_total_views":0,"footnotes":""},"categories":[116],"tags":[135],"class_list":["post-56188","post","type-post","status-publish","format-standard","hentry","category-progepe","tag-remocao"],"acf":[],"_links":{"self":[{"href":"https:\/\/progepe.ufpr.br\/portarias\/wp-json\/wp\/v2\/posts\/56188","targetHints":{"allow":["GET"]}}],"collection":[{"href":"https:\/\/progepe.ufpr.br\/portarias\/wp-json\/wp\/v2\/posts"}],"about":[{"href":"https:\/\/progepe.ufpr.br\/portarias\/wp-json\/wp\/v2\/types\/post"}],"author":[{"embeddable":true,"href":"https:\/\/progepe.ufpr.br\/portarias\/wp-json\/wp\/v2\/users\/50"}],"replies":[{"embeddable":true,"href":"https:\/\/progepe.ufpr.br\/portarias\/wp-json\/wp\/v2\/comments?post=56188"}],"version-history":[{"count":1,"href":"https:\/\/progepe.ufpr.br\/portarias\/wp-json\/wp\/v2\/posts\/56188\/revisions"}],"predecessor-version":[{"id":195911,"href":"https:\/\/progepe.ufpr.br\/portarias\/wp-json\/wp\/v2\/posts\/56188\/revisions\/195911"}],"wp:attachment":[{"href":"https:\/\/progepe.ufpr.br\/portarias\/wp-json\/wp\/v2\/media?parent=56188"}],"wp:term":[{"taxonomy":"category","embeddable":true,"href":"https:\/\/progepe.ufpr.br\/portarias\/wp-json\/wp\/v2\/categories?post=56188"},{"taxonomy":"post_tag","embeddable":true,"href":"https:\/\/progepe.ufpr.br\/portarias\/wp-json\/wp\/v2\/tags?post=56188"}],"curies":[{"name":"wp","href":"https:\/\/api.w.org\/{rel}","templated":true}]}}