{"id":56224,"date":"2020-09-30T10:13:00","date_gmt":"2020-09-30T13:13:00","guid":{"rendered":"http:\/\/progepe.ufpr.br\/portal\/?post_type=portarias&#038;p=56224"},"modified":"2023-08-03T12:58:24","modified_gmt":"2023-08-03T15:58:24","slug":"progepe-2020-02797","status":"publish","type":"post","link":"https:\/\/progepe.ufpr.br\/portarias\/progepe-2020-02797\/","title":{"rendered":"PORTARIA N\u00ba 02797\/PROGEPE, DE 30 DE SETEMBRO DE 2020"},"content":{"rendered":"\n<p><strong>O Pr\u00f3-Reitor de Gest\u00e3o de Pessoas da Universidade Federal do Paran\u00e1,<\/strong> no uso de suas atribui\u00e7\u00f5es, tendo em vista a compet\u00eancia que lhe \u00e9 conferida pela Portaria n\u00ba 2.590, de 26 de setembro de 1997; o contido na Resolu\u00e7\u00e3o n\u00ba 002\/2000-COPLAD; e, o que consta no processo n\u00ba 23075.049382\/2020-53, <\/p>\n\n\n\n<p>RESOLVE: <\/p>\n\n\n\n<p>Designar para compor a comiss\u00e3o respons\u00e1vel\npela&nbsp;primeira etapa da avalia\u00e7\u00e3o de desempenho em est\u00e1gio probat\u00f3rio da\nservidora DANIELLE ISAIAS FERNANDES FERREIRA &#8211; 3160825, ocupante do cargo de\nAssistente em Administra\u00e7\u00e3o, lotada na Unidade de Benef\u00edcios do Departamento de\nAdministra\u00e7\u00e3o de Pessoal da Pr\u00f3-Reitoria de Gest\u00e3o de Pessoas, os seguintes\nmembros:<\/p>\n\n\n\n<ul class=\"wp-block-list\"><li>RAFAEL ECKE TAVARES BUSANELLO &#8211; 2323218<\/li><li>PAULO FERNANDO CHMIK &#8211; 1665097<\/li><li>ERALDO DE PAULA FRANCO &#8211; 1917143<\/li><\/ul>\n\n\n\n<p><strong>DOUGLAS ORTIZ HAMERMULLER<\/strong><\/p>\n","protected":false},"excerpt":{"rendered":"<p>O Pr\u00f3-Reitor de Gest\u00e3o de Pessoas da Universidade Federal do Paran\u00e1, no uso de suas atribui\u00e7\u00f5es, tendo em vista a compet\u00eancia que lhe \u00e9 conferida pela Portaria n\u00ba 2.590, de 26 de setembro de 1997; o contido na Resolu\u00e7\u00e3o n\u00ba 002\/2000-COPLAD; e, o que consta no processo n\u00ba 23075.049382\/2020-53, RESOLVE: Designar para compor a comiss\u00e3o [&hellip;]<\/p>\n","protected":false},"author":50,"featured_media":0,"comment_status":"closed","ping_status":"closed","sticky":false,"template":"","format":"standard","meta":{"_acf_changed":false,"iawp_total_views":8,"footnotes":""},"categories":[116],"tags":[124],"class_list":["post-56224","post","type-post","status-publish","format-standard","hentry","category-progepe","tag-comissao"],"acf":[],"_links":{"self":[{"href":"https:\/\/progepe.ufpr.br\/portarias\/wp-json\/wp\/v2\/posts\/56224","targetHints":{"allow":["GET"]}}],"collection":[{"href":"https:\/\/progepe.ufpr.br\/portarias\/wp-json\/wp\/v2\/posts"}],"about":[{"href":"https:\/\/progepe.ufpr.br\/portarias\/wp-json\/wp\/v2\/types\/post"}],"author":[{"embeddable":true,"href":"https:\/\/progepe.ufpr.br\/portarias\/wp-json\/wp\/v2\/users\/50"}],"replies":[{"embeddable":true,"href":"https:\/\/progepe.ufpr.br\/portarias\/wp-json\/wp\/v2\/comments?post=56224"}],"version-history":[{"count":1,"href":"https:\/\/progepe.ufpr.br\/portarias\/wp-json\/wp\/v2\/posts\/56224\/revisions"}],"predecessor-version":[{"id":195916,"href":"https:\/\/progepe.ufpr.br\/portarias\/wp-json\/wp\/v2\/posts\/56224\/revisions\/195916"}],"wp:attachment":[{"href":"https:\/\/progepe.ufpr.br\/portarias\/wp-json\/wp\/v2\/media?parent=56224"}],"wp:term":[{"taxonomy":"category","embeddable":true,"href":"https:\/\/progepe.ufpr.br\/portarias\/wp-json\/wp\/v2\/categories?post=56224"},{"taxonomy":"post_tag","embeddable":true,"href":"https:\/\/progepe.ufpr.br\/portarias\/wp-json\/wp\/v2\/tags?post=56224"}],"curies":[{"name":"wp","href":"https:\/\/api.w.org\/{rel}","templated":true}]}}