{"id":56245,"date":"2020-09-28T10:29:00","date_gmt":"2020-09-28T13:29:00","guid":{"rendered":"http:\/\/progepe.ufpr.br\/portal\/?post_type=portarias&#038;p=56245"},"modified":"2023-08-03T12:58:20","modified_gmt":"2023-08-03T15:58:20","slug":"progepe-2020-02769","status":"publish","type":"post","link":"https:\/\/progepe.ufpr.br\/portarias\/progepe-2020-02769\/","title":{"rendered":"PORTARIA N\u00ba 02769\/PROGEPE, DE 28 DE SETEMBRO DE 2020"},"content":{"rendered":"\n<p><strong>O Pr\u00f3-Reitor de Gest\u00e3o de Pessoas da Universidade Federal do Paran\u00e1, <\/strong>no  uso de suas atribui\u00e7\u00f5es, tendo em vista a compet\u00eancia que lhe \u00e9  conferida pela Portaria n\u00ba 2.590, de 26 de setembro de 1997 e  considerando o que consta no processo n\u00ba 23075.041868\/2020-43; <\/p>\n\n\n\n<p>RESOLVE:<\/p>\n\n\n\n<p> Conceder Aposentadoria Volunt\u00e1ria por Tempo de Contribui\u00e7\u00e3o, nos termos  do Art. 3\u00ba da Emenda Constitucional n\u00ba 47\/05, combinado com o Art. 3\u00ba da  Emenda Constitucional n\u00ba 103\/19, ao servidor OSMAR PEREIRA JUNIOR &#8211;  0344153, lotado na Se\u00e7\u00e3o de Imunoqu\u00edmica do Hospital de Cl\u00ednicas,  ocupante do cargo de Farmac\u00eautico Habilita\u00e7\u00e3o, n\u00edvel de classifica\u00e7\u00e3o E,  n\u00edvel de capacita\u00e7\u00e3o IV e padr\u00e3o de vencimento 16, no regime de  trabalho de 40 (quarenta) horas semanais, com o vencimento do mencionado  cargo, mais a Gratifica\u00e7\u00e3o Adicional por Tempo de Servi\u00e7o, prevista no  Art. 67 da Lei n\u00b0 8.112\/90, no \u00edndice de 9% (nove por cento), calculada  sobre o vencimento b\u00e1sico, mais o Vencimento B\u00e1sico Complementar, Art.  15, da Lei n\u00b0 11.091\/05, e a Gratifica\u00e7\u00e3o, Art. 7\u00b0, da Lei n\u00b0 8.460\/92. <\/p>\n\n\n\n<p class=\"has-text-align-right\"><\/p>\n","protected":false},"excerpt":{"rendered":"<p>Conceder Aposentadoria Volunt\u00e1ria por Tempo de Contribui\u00e7\u00e3o, nos termos do Art. 3\u00ba da Emenda Constitucional n\u00ba 47\/05, combinado com o Art. 3\u00ba da Emenda Constitucional n\u00ba 103\/19, ao servidor OSMAR PEREIRA JUNIOR &#8211; 0344153, lotado na Se\u00e7\u00e3o de Imunoqu\u00edmica do Hospital de Cl\u00ednicas, ocupante do cargo de Farmac\u00eautico Habilita\u00e7\u00e3o, n\u00edvel de classifica\u00e7\u00e3o E, n\u00edvel de capacita\u00e7\u00e3o IV e padr\u00e3o de vencimento 16, no regime de trabalho de 40 (quarenta) horas semanais, com o vencimento do mencionado cargo, mais a Gratifica\u00e7\u00e3o Adicional por Tempo de Servi\u00e7o, prevista no Art. 67 da Lei n\u00b0 8.112\/90, no \u00edndice de 9%<\/p>\n","protected":false},"author":48,"featured_media":0,"comment_status":"closed","ping_status":"open","sticky":false,"template":"","format":"standard","meta":{"_acf_changed":false,"iawp_total_views":2,"footnotes":""},"categories":[116],"tags":[125],"class_list":["post-56245","post","type-post","status-publish","format-standard","hentry","category-progepe","tag-aposentadoria"],"acf":[],"_links":{"self":[{"href":"https:\/\/progepe.ufpr.br\/portarias\/wp-json\/wp\/v2\/posts\/56245","targetHints":{"allow":["GET"]}}],"collection":[{"href":"https:\/\/progepe.ufpr.br\/portarias\/wp-json\/wp\/v2\/posts"}],"about":[{"href":"https:\/\/progepe.ufpr.br\/portarias\/wp-json\/wp\/v2\/types\/post"}],"author":[{"embeddable":true,"href":"https:\/\/progepe.ufpr.br\/portarias\/wp-json\/wp\/v2\/users\/48"}],"replies":[{"embeddable":true,"href":"https:\/\/progepe.ufpr.br\/portarias\/wp-json\/wp\/v2\/comments?post=56245"}],"version-history":[{"count":2,"href":"https:\/\/progepe.ufpr.br\/portarias\/wp-json\/wp\/v2\/posts\/56245\/revisions"}],"predecessor-version":[{"id":90518,"href":"https:\/\/progepe.ufpr.br\/portarias\/wp-json\/wp\/v2\/posts\/56245\/revisions\/90518"}],"wp:attachment":[{"href":"https:\/\/progepe.ufpr.br\/portarias\/wp-json\/wp\/v2\/media?parent=56245"}],"wp:term":[{"taxonomy":"category","embeddable":true,"href":"https:\/\/progepe.ufpr.br\/portarias\/wp-json\/wp\/v2\/categories?post=56245"},{"taxonomy":"post_tag","embeddable":true,"href":"https:\/\/progepe.ufpr.br\/portarias\/wp-json\/wp\/v2\/tags?post=56245"}],"curies":[{"name":"wp","href":"https:\/\/api.w.org\/{rel}","templated":true}]}}