{"id":56267,"date":"2020-09-29T10:00:00","date_gmt":"2020-09-29T13:00:00","guid":{"rendered":"http:\/\/progepe.ufpr.br\/portal\/?post_type=portarias&#038;p=56267"},"modified":"2023-08-03T12:58:21","modified_gmt":"2023-08-03T15:58:21","slug":"progepe-2020-02775","status":"publish","type":"post","link":"https:\/\/progepe.ufpr.br\/portarias\/progepe-2020-02775\/","title":{"rendered":"PORTARIA N\u00ba 02775\/PROGEPE, DE 29 DE SETEMBRO DE 2020"},"content":{"rendered":"\n<p><strong>O Pr\u00f3-Reitor de Gest\u00e3o de Pessoas da Universidade Federal do Paran\u00e1, <\/strong>no  uso de suas atribui\u00e7\u00f5es, tendo em vista a compet\u00eancia que lhe \u00e9  conferida pela Portaria n\u00ba 2.590, de 26 de setembro de 1997 e  considerando o que consta no processo n\u00ba 23075.086833\/2019-08; <\/p>\n\n\n\n<p>RESOLVE:<\/p>\n\n\n\n<p> Conceder Aposentadoria Volunt\u00e1ria por Tempo de Contribui\u00e7\u00e3o, nos termos  do Art. 3\u00ba da Emenda Constitucional n\u00ba 47\/05, combinado com o Art. 3\u00ba da  Emenda Constitucional n\u00ba 103\/19, ao&nbsp;servidor&nbsp;CELSO LUIZ LUDWIG &#8211;  342871, lotado&nbsp;no Departamento de Direito Privado do Setor de Ci\u00eancias  Jur\u00eddicas, ocupante do cargo de Professor Associado, n\u00edvel 04, no regime  de trabalho de 40 (quarenta) horas semanais, com o vencimento do  mencionado cargo, mais a Gratifica\u00e7\u00e3o Adicional por Tempo de Servi\u00e7o,  prevista no Art. 67 da Lei n\u00b0 8.112\/90, no \u00edndice de 9% (nove&nbsp;por  cento), calculada sobre o vencimento b\u00e1sico, mais o contido na decis\u00e3o  judicial prolatada na A\u00e7\u00e3o Civil P\u00fablica n\u00ba 2006.70.00.020219-1\/PR, da&nbsp;  1\u00aa Vara Federal de Curitiba&nbsp;referente \u00e0 diferen\u00e7a de incorpora\u00e7\u00e3o de  quintos de 2\/10 (dois d\u00e9cimos) da fun\u00e7\u00e3o gratificada FG-1, mais a  Retribui\u00e7\u00e3o por Titula\u00e7\u00e3o, Lei 12.772\/12. <\/p>\n\n\n\n<p class=\"has-text-align-right\"><\/p>\n","protected":false},"excerpt":{"rendered":"<p>Conceder Aposentadoria Volunt\u00e1ria por Tempo de Contribui\u00e7\u00e3o, nos termos do Art. 3\u00ba da Emenda Constitucional n\u00ba 47\/05, combinado com o Art. 3\u00ba da Emenda Constitucional n\u00ba 103\/19, ao&nbsp;servidor&nbsp;CELSO LUIZ LUDWIG &#8211; 342871, lotado&nbsp;no Departamento de Direito Privado do Setor de Ci\u00eancias Jur\u00eddicas, ocupante do cargo de Professor Associado, n\u00edvel 04, no regime de trabalho de 40 (quarenta) horas semanais, com o vencimento do mencionado cargo, mais a Gratifica\u00e7\u00e3o Adicional por Tempo de Servi\u00e7o, prevista no Art. 67 da Lei n\u00b0 8.112\/90, no \u00edndice de 9% (nove&nbsp;por cento), calculada sobre o vencimento b\u00e1sico, mais o contido na decis\u00e3o<\/p>\n","protected":false},"author":48,"featured_media":0,"comment_status":"closed","ping_status":"open","sticky":false,"template":"","format":"standard","meta":{"_acf_changed":false,"iawp_total_views":0,"footnotes":""},"categories":[116],"tags":[125],"class_list":["post-56267","post","type-post","status-publish","format-standard","hentry","category-progepe","tag-aposentadoria"],"acf":[],"_links":{"self":[{"href":"https:\/\/progepe.ufpr.br\/portarias\/wp-json\/wp\/v2\/posts\/56267","targetHints":{"allow":["GET"]}}],"collection":[{"href":"https:\/\/progepe.ufpr.br\/portarias\/wp-json\/wp\/v2\/posts"}],"about":[{"href":"https:\/\/progepe.ufpr.br\/portarias\/wp-json\/wp\/v2\/types\/post"}],"author":[{"embeddable":true,"href":"https:\/\/progepe.ufpr.br\/portarias\/wp-json\/wp\/v2\/users\/48"}],"replies":[{"embeddable":true,"href":"https:\/\/progepe.ufpr.br\/portarias\/wp-json\/wp\/v2\/comments?post=56267"}],"version-history":[{"count":2,"href":"https:\/\/progepe.ufpr.br\/portarias\/wp-json\/wp\/v2\/posts\/56267\/revisions"}],"predecessor-version":[{"id":90524,"href":"https:\/\/progepe.ufpr.br\/portarias\/wp-json\/wp\/v2\/posts\/56267\/revisions\/90524"}],"wp:attachment":[{"href":"https:\/\/progepe.ufpr.br\/portarias\/wp-json\/wp\/v2\/media?parent=56267"}],"wp:term":[{"taxonomy":"category","embeddable":true,"href":"https:\/\/progepe.ufpr.br\/portarias\/wp-json\/wp\/v2\/categories?post=56267"},{"taxonomy":"post_tag","embeddable":true,"href":"https:\/\/progepe.ufpr.br\/portarias\/wp-json\/wp\/v2\/tags?post=56267"}],"curies":[{"name":"wp","href":"https:\/\/api.w.org\/{rel}","templated":true}]}}