{"id":56274,"date":"2020-09-29T10:01:00","date_gmt":"2020-09-29T13:01:00","guid":{"rendered":"http:\/\/progepe.ufpr.br\/portal\/?post_type=portarias&#038;p=56274"},"modified":"2023-08-03T12:58:21","modified_gmt":"2023-08-03T15:58:21","slug":"progepe-2020-02776","status":"publish","type":"post","link":"https:\/\/progepe.ufpr.br\/portarias\/progepe-2020-02776\/","title":{"rendered":"PORTARIA N\u00ba 02776\/PROGEPE, DE 29 DE SETEMBRO DE 2020"},"content":{"rendered":"\n<p><strong>O Pr\u00f3-Reitor de Gest\u00e3o de Pessoas da Universidade Federal do Paran\u00e1, <\/strong>no  uso de suas atribui\u00e7\u00f5es, tendo em vista a compet\u00eancia que lhe \u00e9  conferida pela Portaria n\u00ba 2.590, de 26 de setembro de 1997 e  considerando o que consta no processo n\u00ba 23075.048502\/2020-03; <\/p>\n\n\n\n<p>RESOLVE:<\/p>\n\n\n\n<p> Conceder Aposentadoria Volunt\u00e1ria por Idade, nos termos do Art. 40, \u00a7  1\u00ba, inciso III, al\u00ednea \u201cb\u201d, da Constitui\u00e7\u00e3o Federal, alterado pela  Emenda Constitucional n\u00ba 41\/03, combinado com o Art. 1\u00ba \u00a7 1\u00ba da Lei n\u00ba  10.887\/04, combinado com o Art. 3\u00ba da Emenda Constitucional n\u00ba 103\/19,  ao servidor&nbsp;SALOMAO GUELMANN &#8211; 628876, nascido&nbsp;em 17\/09\/1954, lotado na  Maternidade Victor Ferreira do Amaral do Hospital de Cl\u00ednicas, ocupante  do cargo de M\u00e9dico \u00c1rea, n\u00edvel de classifica\u00e7\u00e3o E, n\u00edvel de capacita\u00e7\u00e3o  I, padr\u00e3o de vencimento 09, no regime de trabalho de 40 (quarenta) horas  semanais, com proventos proporcionais ao tempo de contribui\u00e7\u00e3o,  calculados sobre a m\u00e9dia das remunera\u00e7\u00f5es utilizadas como base para as  contribui\u00e7\u00f5es aos regimes de previd\u00eancia. <\/p>\n\n\n\n<p class=\"has-text-align-right\"><\/p>\n","protected":false},"excerpt":{"rendered":"<p>Conceder Aposentadoria Volunt\u00e1ria por Idade, nos termos do Art. 40, \u00a7 1\u00ba, inciso III, al\u00ednea \u201cb\u201d, da Constitui\u00e7\u00e3o Federal, alterado pela Emenda Constitucional n\u00ba 41\/03, combinado com o Art. 1\u00ba \u00a7 1\u00ba da Lei n\u00ba 10.887\/04, combinado com o Art. 3\u00ba da Emenda Constitucional n\u00ba 103\/19, ao servidor&nbsp;SALOMAO GUELMANN &#8211; 628876, nascido&nbsp;em 17\/09\/1954, lotado na Maternidade Victor Ferreira do Amaral do Hospital de Cl\u00ednicas, ocupante do cargo de M\u00e9dico \u00c1rea, n\u00edvel de classifica\u00e7\u00e3o E, n\u00edvel de capacita\u00e7\u00e3o I, padr\u00e3o de vencimento 09, no regime de trabalho de 40 (quarenta) horas semanais, com proventos proporcionais ao tempo de<\/p>\n","protected":false},"author":48,"featured_media":0,"comment_status":"closed","ping_status":"open","sticky":false,"template":"","format":"standard","meta":{"_acf_changed":false,"iawp_total_views":1,"footnotes":""},"categories":[116],"tags":[125],"class_list":["post-56274","post","type-post","status-publish","format-standard","hentry","category-progepe","tag-aposentadoria"],"acf":[],"_links":{"self":[{"href":"https:\/\/progepe.ufpr.br\/portarias\/wp-json\/wp\/v2\/posts\/56274","targetHints":{"allow":["GET"]}}],"collection":[{"href":"https:\/\/progepe.ufpr.br\/portarias\/wp-json\/wp\/v2\/posts"}],"about":[{"href":"https:\/\/progepe.ufpr.br\/portarias\/wp-json\/wp\/v2\/types\/post"}],"author":[{"embeddable":true,"href":"https:\/\/progepe.ufpr.br\/portarias\/wp-json\/wp\/v2\/users\/48"}],"replies":[{"embeddable":true,"href":"https:\/\/progepe.ufpr.br\/portarias\/wp-json\/wp\/v2\/comments?post=56274"}],"version-history":[{"count":2,"href":"https:\/\/progepe.ufpr.br\/portarias\/wp-json\/wp\/v2\/posts\/56274\/revisions"}],"predecessor-version":[{"id":90527,"href":"https:\/\/progepe.ufpr.br\/portarias\/wp-json\/wp\/v2\/posts\/56274\/revisions\/90527"}],"wp:attachment":[{"href":"https:\/\/progepe.ufpr.br\/portarias\/wp-json\/wp\/v2\/media?parent=56274"}],"wp:term":[{"taxonomy":"category","embeddable":true,"href":"https:\/\/progepe.ufpr.br\/portarias\/wp-json\/wp\/v2\/categories?post=56274"},{"taxonomy":"post_tag","embeddable":true,"href":"https:\/\/progepe.ufpr.br\/portarias\/wp-json\/wp\/v2\/tags?post=56274"}],"curies":[{"name":"wp","href":"https:\/\/api.w.org\/{rel}","templated":true}]}}