{"id":56279,"date":"2020-09-29T10:02:00","date_gmt":"2020-09-29T13:02:00","guid":{"rendered":"http:\/\/progepe.ufpr.br\/portal\/?post_type=portarias&#038;p=56279"},"modified":"2023-08-03T12:58:21","modified_gmt":"2023-08-03T15:58:21","slug":"progepe-2020-02777","status":"publish","type":"post","link":"https:\/\/progepe.ufpr.br\/portarias\/progepe-2020-02777\/","title":{"rendered":"PORTARIA N\u00ba 02777\/PROGEPE, DE 29 DE SETEMBRO DE 2020"},"content":{"rendered":"\n<p><strong>O Pr\u00f3-Reitor de Gest\u00e3o de Pessoas da Universidade Federal do Paran\u00e1,<\/strong>  no uso de suas atribui\u00e7\u00f5es, tendo em vista a compet\u00eancia que lhe \u00e9  conferida pela Portaria n\u00ba 2.590, de 26 de setembro de 1997; o que  consta no Art. 100 e 103 da Lei n\u00ba 8.112\/90 e ainda o contido no  processo n\u00ba 23075.014197\/2005-19, <\/p>\n\n\n\n<p>RESOLVE:<\/p>\n\n\n\n<p>Retificar a Portaria n\u00ba 7094\/PHRAE, de 16 \nde mar\u00e7o de 2005, que averbou tempo de servi\u00e7o&nbsp;em favor do servidor \nALDEMIR JUNGLOS &#8211; 1204261, ocupante do cargo de Estat\u00edstico, lotado \nna&nbsp;Coordenadoria de Governan\u00e7a e Riscos da Pr\u00f3-Reitoria de Planejamento,\n Or\u00e7amento e Finan\u00e7as:<\/p>\n\n\n\n<p>Onde se l\u00ea: Aposentadoria, licen\u00e7a especial, gratifica\u00e7\u00e3o adicional e disponibilidade:<\/p>\n\n\n\n<p>Leia-se: Aposentadoria e disponibilidade:<\/p>\n\n\n\n<p style=\"text-align:right\"><strong>DOUGLAS ORTIZ HAMERMULLER<\/strong><\/p>\n","protected":false},"excerpt":{"rendered":"<p>Retificar a Portaria n\u00ba 7094\/PHRAE, de 16 de mar\u00e7o de 2005, que averbou tempo de servi\u00e7o&nbsp;em favor do servidor ALDEMIR JUNGLOS &#8211; 1204261, ocupante do cargo de Estat\u00edstico, lotado na&nbsp;Coordenadoria de Governan\u00e7a e Riscos da Pr\u00f3-Reitoria de Planejamento, Or\u00e7amento e Finan\u00e7as:  Onde se l\u00ea: Aposentadoria, licen\u00e7a especial, gratifica\u00e7\u00e3o adicional e disponibilidade:  Leia-se: Aposentadoria e disponibilidade:  <!-- wp:paragraph {\"align\":\"right\"} \n\n<p style=\"text-align:right\"><strong>DOUGLAS ORTIZ HAMERMULLER<\/strong>\n<\/p>\n","protected":false},"author":48,"featured_media":0,"comment_status":"closed","ping_status":"closed","sticky":false,"template":"","format":"standard","meta":{"_acf_changed":false,"iawp_total_views":0,"footnotes":""},"categories":[116],"tags":[140],"class_list":["post-56279","post","type-post","status-publish","format-standard","hentry","category-progepe","tag-averbacao-desaverbacao"],"acf":[],"_links":{"self":[{"href":"https:\/\/progepe.ufpr.br\/portarias\/wp-json\/wp\/v2\/posts\/56279","targetHints":{"allow":["GET"]}}],"collection":[{"href":"https:\/\/progepe.ufpr.br\/portarias\/wp-json\/wp\/v2\/posts"}],"about":[{"href":"https:\/\/progepe.ufpr.br\/portarias\/wp-json\/wp\/v2\/types\/post"}],"author":[{"embeddable":true,"href":"https:\/\/progepe.ufpr.br\/portarias\/wp-json\/wp\/v2\/users\/48"}],"replies":[{"embeddable":true,"href":"https:\/\/progepe.ufpr.br\/portarias\/wp-json\/wp\/v2\/comments?post=56279"}],"version-history":[{"count":1,"href":"https:\/\/progepe.ufpr.br\/portarias\/wp-json\/wp\/v2\/posts\/56279\/revisions"}],"predecessor-version":[{"id":195917,"href":"https:\/\/progepe.ufpr.br\/portarias\/wp-json\/wp\/v2\/posts\/56279\/revisions\/195917"}],"wp:attachment":[{"href":"https:\/\/progepe.ufpr.br\/portarias\/wp-json\/wp\/v2\/media?parent=56279"}],"wp:term":[{"taxonomy":"category","embeddable":true,"href":"https:\/\/progepe.ufpr.br\/portarias\/wp-json\/wp\/v2\/categories?post=56279"},{"taxonomy":"post_tag","embeddable":true,"href":"https:\/\/progepe.ufpr.br\/portarias\/wp-json\/wp\/v2\/tags?post=56279"}],"curies":[{"name":"wp","href":"https:\/\/api.w.org\/{rel}","templated":true}]}}