{"id":56380,"date":"2020-10-01T05:02:00","date_gmt":"2020-10-01T08:02:00","guid":{"rendered":"http:\/\/progepe.ufpr.br\/portal\/?post_type=portarias&#038;p=56380"},"modified":"2023-08-03T13:20:29","modified_gmt":"2023-08-03T16:20:29","slug":"rt-2020-01393","status":"publish","type":"post","link":"https:\/\/progepe.ufpr.br\/portarias\/rt-2020-01393\/","title":{"rendered":"PORTARIA N\u00ba 01393\/REITORIA, DE 01 DE OUTUBRO DE 2020"},"content":{"rendered":"\r\n<p><strong>O Reitor da Universidade Federal do Paran\u00e1, <\/strong>no uso de suas atribui\u00e7\u00f5es, em conson\u00e2ncia com o\u00a0artigo 41 da Lei 13709\/2018 (Lei Geral de Prote\u00e7\u00e3o de Dados Pessoais &#8211; LGPD) e tendo em vista o que consta no processo n\u00ba 23075.044691\/2020-37,<\/p>\r\n\r\n\r\n\r\n<p>RESOLVE:<\/p>\r\n\r\n\r\n\r\n<p>Designar, a partir da data de emiss\u00e3o desta Portaria,\u00a0o servidor LEONARDO GOMES DE MELO\u00a0&#8211; 2643448, ocupante do cargo de Estat\u00edstico, para atuar como Encarregado de Prote\u00e7\u00e3o de Dados Pessoais, nesta Universidade.<\/p>\r\n\r\n\r\n\r\n<p style=\"text-align: right\"><strong>RICARDO MARCELO FONSECA<\/strong><\/p>\r\n","protected":false},"excerpt":{"rendered":"<p>Designar, a partir da data de emiss\u00e3o desta Portaria,\u00a0o servidor LEONARDO GOMES DE MELO\u00a0&#8211; 2643448, ocupante do cargo de Estat\u00edstico, para atuar como Encarregado de Prote\u00e7\u00e3o de Dados Pessoais, nesta Universidade.   <!-- wp:paragraph {\"align\":\"right\"}  \n\n<p style=\"text-align: right\"><strong>RICARDO MARCELO FONSECA<\/strong>\n<\/p>\n","protected":false},"author":50,"featured_media":0,"comment_status":"closed","ping_status":"closed","sticky":false,"template":"","format":"standard","meta":{"_acf_changed":false,"iawp_total_views":1,"footnotes":""},"categories":[117],"tags":[119],"class_list":["post-56380","post","type-post","status-publish","format-standard","hentry","category-rt","tag-diversos"],"acf":[],"_links":{"self":[{"href":"https:\/\/progepe.ufpr.br\/portarias\/wp-json\/wp\/v2\/posts\/56380","targetHints":{"allow":["GET"]}}],"collection":[{"href":"https:\/\/progepe.ufpr.br\/portarias\/wp-json\/wp\/v2\/posts"}],"about":[{"href":"https:\/\/progepe.ufpr.br\/portarias\/wp-json\/wp\/v2\/types\/post"}],"author":[{"embeddable":true,"href":"https:\/\/progepe.ufpr.br\/portarias\/wp-json\/wp\/v2\/users\/50"}],"replies":[{"embeddable":true,"href":"https:\/\/progepe.ufpr.br\/portarias\/wp-json\/wp\/v2\/comments?post=56380"}],"version-history":[{"count":1,"href":"https:\/\/progepe.ufpr.br\/portarias\/wp-json\/wp\/v2\/posts\/56380\/revisions"}],"predecessor-version":[{"id":195925,"href":"https:\/\/progepe.ufpr.br\/portarias\/wp-json\/wp\/v2\/posts\/56380\/revisions\/195925"}],"wp:attachment":[{"href":"https:\/\/progepe.ufpr.br\/portarias\/wp-json\/wp\/v2\/media?parent=56380"}],"wp:term":[{"taxonomy":"category","embeddable":true,"href":"https:\/\/progepe.ufpr.br\/portarias\/wp-json\/wp\/v2\/categories?post=56380"},{"taxonomy":"post_tag","embeddable":true,"href":"https:\/\/progepe.ufpr.br\/portarias\/wp-json\/wp\/v2\/tags?post=56380"}],"curies":[{"name":"wp","href":"https:\/\/api.w.org\/{rel}","templated":true}]}}