{"id":56534,"date":"2020-10-05T10:14:00","date_gmt":"2020-10-05T13:14:00","guid":{"rendered":"http:\/\/progepe.ufpr.br\/portal\/?post_type=portarias&#038;p=56534"},"modified":"2024-05-24T08:58:57","modified_gmt":"2024-05-24T11:58:57","slug":"progepe-2020-02832","status":"publish","type":"post","link":"https:\/\/progepe.ufpr.br\/portarias\/progepe-2020-02832\/","title":{"rendered":"PORTARIA N\u00ba 02832\/PROGEPE, DE 05 DE OUTUBRO DE 2020"},"content":{"rendered":"\n<p style=\"padding-left:43%\">O Pr\u00f3-Reitor de Gest\u00e3o de Pessoas da Universidade Federal do Paran\u00e1, no uso de suas atribui\u00e7\u00f5es, tendo em vista a compet\u00eancia que lhe \u00e9 conferida pela Portaria n\u00ba 2.590, de 26 de setembro de 1997; considerando o que consta na Lei n\u00ba 12.772\/2012; Resolu\u00e7\u00e3o n\u00ba 13-A\/15 &#8211; CEPE do Conselho de Ensino, Pesquisa e Extens\u00e3o; Nota n\u00ba 103\/2015\/CGAA\/CONJUR-MEC\/CGU\/AGU (doc. SEI n\u00ba 2987042) e na Nota Informativa n\u00ba 54\/2015\/CPRSC\/SETEC\/MEC (doc. SEI n\u00ba 2987043); e, o contido no processo n\u00ba\u00a023075.036005\/2019-11,<\/p>\n\n\n\n<p style=\"padding-left:43%\"><strong>RESOLVE:<\/strong><\/p>\n\n\n\n<p>Conceder retribui\u00e7\u00e3o por titula\u00e7\u00e3o, a partir de 01 de mar\u00e7o de 2013, ao servidor JO\u00c3O FRANCISCO RICARDO KASTNER NEGR\u00c3O &#8211; 1060910, Professor do Ensino B\u00e1sico, T\u00e9cnico e Tecnol\u00f3gico, classe D, n\u00edvel 404, no regime de trabalho de dedica\u00e7\u00e3o exclusiva, lotado no Setor de Educa\u00e7\u00e3o Profissional e Tecnol\u00f3gica, tendo em vista o reconhecimento de saberes e compet\u00eancias RSC-III, conforme parecer da CPPD (doc. SEI n\u00ba 2608153).<\/p>\n","protected":false},"excerpt":{"rendered":"<p>Conceder retribui\u00e7\u00e3o por titula\u00e7\u00e3o, a partir de 01 de mar\u00e7o de 2013, ao servidor JO\u00c3O FRANCISCO RICARDO KASTNER NEGR\u00c3O &#8211; 1060910, Professor do Ensino B\u00e1sico, T\u00e9cnico e Tecnol\u00f3gico, classe D, n\u00edvel 404, no regime de trabalho de dedica\u00e7\u00e3o exclusiva, lotado no Setor de Educa\u00e7\u00e3o Profissional e Tecnol\u00f3gica, tendo em vista o reconhecimento de saberes e compet\u00eancias RSC-III, conforme parecer da CPPD (doc. SEI n\u00ba 2608153).<\/p>\n","protected":false},"author":50,"featured_media":0,"comment_status":"closed","ping_status":"closed","sticky":false,"template":"","format":"standard","meta":{"_acf_changed":false,"iawp_total_views":0,"footnotes":""},"categories":[116],"tags":[147],"class_list":["post-56534","post","type-post","status-publish","format-standard","hentry","category-progepe","tag-retribuicao-titulacao"],"acf":[],"_links":{"self":[{"href":"https:\/\/progepe.ufpr.br\/portarias\/wp-json\/wp\/v2\/posts\/56534","targetHints":{"allow":["GET"]}}],"collection":[{"href":"https:\/\/progepe.ufpr.br\/portarias\/wp-json\/wp\/v2\/posts"}],"about":[{"href":"https:\/\/progepe.ufpr.br\/portarias\/wp-json\/wp\/v2\/types\/post"}],"author":[{"embeddable":true,"href":"https:\/\/progepe.ufpr.br\/portarias\/wp-json\/wp\/v2\/users\/50"}],"replies":[{"embeddable":true,"href":"https:\/\/progepe.ufpr.br\/portarias\/wp-json\/wp\/v2\/comments?post=56534"}],"version-history":[{"count":2,"href":"https:\/\/progepe.ufpr.br\/portarias\/wp-json\/wp\/v2\/posts\/56534\/revisions"}],"predecessor-version":[{"id":255904,"href":"https:\/\/progepe.ufpr.br\/portarias\/wp-json\/wp\/v2\/posts\/56534\/revisions\/255904"}],"wp:attachment":[{"href":"https:\/\/progepe.ufpr.br\/portarias\/wp-json\/wp\/v2\/media?parent=56534"}],"wp:term":[{"taxonomy":"category","embeddable":true,"href":"https:\/\/progepe.ufpr.br\/portarias\/wp-json\/wp\/v2\/categories?post=56534"},{"taxonomy":"post_tag","embeddable":true,"href":"https:\/\/progepe.ufpr.br\/portarias\/wp-json\/wp\/v2\/tags?post=56534"}],"curies":[{"name":"wp","href":"https:\/\/api.w.org\/{rel}","templated":true}]}}