{"id":56564,"date":"2020-10-05T10:32:00","date_gmt":"2020-10-05T13:32:00","guid":{"rendered":"http:\/\/progepe.ufpr.br\/portal\/?post_type=portarias&#038;p=56564"},"modified":"2023-08-03T12:58:31","modified_gmt":"2023-08-03T15:58:31","slug":"progepe-2020-02850","status":"publish","type":"post","link":"https:\/\/progepe.ufpr.br\/portarias\/progepe-2020-02850\/","title":{"rendered":"PORTARIA N\u00ba 02850\/PROGEPE, DE 05 DE OUTUBRO DE 2020"},"content":{"rendered":"\n<p><strong>O Pr\u00f3-Reitor de Gest\u00e3o de Pessoas da Universidade Federal do Paran\u00e1,<\/strong> no uso de suas atribui\u00e7\u00f5es, tendo em vista a compet\u00eancia que lhe \u00e9 conferida pela Portaria n\u00ba 2.590, de 26 de setembro de 1997, considerando o que consta na Resolu\u00e7\u00e3o n\u00ba 10\/2014-CEPE e ainda o que consta no processo n\u00ba 23075.038800\/2018-62, <\/p>\n\n\n\n<p>RESOLVE: <\/p>\n\n\n\n<p>Alterar, considerando os termos do&nbsp;Parecer de\nFor\u00e7a Execut\u00f3ria&nbsp;n\u00ba 00078\/2020\/SEGAP\/PFPR\/PGF\/AGU&nbsp;(doc. SEI n\u00ba\n2965710), a Portaria n\u00ba 1440\/PROGEPE, de&nbsp;04&nbsp;de abril de 2019, que\nconcedeu progress\u00e3o funcional ao servidor MARCOS AURELIO TARLOMBANI DA SILVEIRA\n&#8211; 1170428, lotado no Departamento de Geografia do Setor de Ci\u00eancias da Terra, a\nfim de que passe a constar a progress\u00e3o&nbsp;constante no Parecer da CPPD (doc.\nSEI n\u00ba 1080896), do n\u00edvel 7-02 para o n\u00edvel 7-04&nbsp;da classe D \u2013 Associado,\ne n\u00e3o como constou naquele ato.<\/p>\n\n\n\n<p style=\"text-align:right\"><strong>DOUGLAS ORTIZ HAMERMULLER<\/strong><\/p>\n","protected":false},"excerpt":{"rendered":"<p>O Pr\u00f3-Reitor de Gest\u00e3o de Pessoas da Universidade Federal do Paran\u00e1, no uso de suas atribui\u00e7\u00f5es, tendo em vista a compet\u00eancia que lhe \u00e9 conferida pela Portaria n\u00ba 2.590, de 26 de setembro de 1997, considerando o que consta na Resolu\u00e7\u00e3o n\u00ba 10\/2014-CEPE e ainda o que consta no processo n\u00ba 23075.038800\/2018-62, RESOLVE: Alterar, considerando [&hellip;]<\/p>\n","protected":false},"author":50,"featured_media":0,"comment_status":"closed","ping_status":"closed","sticky":false,"template":"","format":"standard","meta":{"_acf_changed":false,"iawp_total_views":0,"footnotes":""},"categories":[116],"tags":[143],"class_list":["post-56564","post","type-post","status-publish","format-standard","hentry","category-progepe","tag-progressao-promocao"],"acf":[],"_links":{"self":[{"href":"https:\/\/progepe.ufpr.br\/portarias\/wp-json\/wp\/v2\/posts\/56564","targetHints":{"allow":["GET"]}}],"collection":[{"href":"https:\/\/progepe.ufpr.br\/portarias\/wp-json\/wp\/v2\/posts"}],"about":[{"href":"https:\/\/progepe.ufpr.br\/portarias\/wp-json\/wp\/v2\/types\/post"}],"author":[{"embeddable":true,"href":"https:\/\/progepe.ufpr.br\/portarias\/wp-json\/wp\/v2\/users\/50"}],"replies":[{"embeddable":true,"href":"https:\/\/progepe.ufpr.br\/portarias\/wp-json\/wp\/v2\/comments?post=56564"}],"version-history":[{"count":1,"href":"https:\/\/progepe.ufpr.br\/portarias\/wp-json\/wp\/v2\/posts\/56564\/revisions"}],"predecessor-version":[{"id":195954,"href":"https:\/\/progepe.ufpr.br\/portarias\/wp-json\/wp\/v2\/posts\/56564\/revisions\/195954"}],"wp:attachment":[{"href":"https:\/\/progepe.ufpr.br\/portarias\/wp-json\/wp\/v2\/media?parent=56564"}],"wp:term":[{"taxonomy":"category","embeddable":true,"href":"https:\/\/progepe.ufpr.br\/portarias\/wp-json\/wp\/v2\/categories?post=56564"},{"taxonomy":"post_tag","embeddable":true,"href":"https:\/\/progepe.ufpr.br\/portarias\/wp-json\/wp\/v2\/tags?post=56564"}],"curies":[{"name":"wp","href":"https:\/\/api.w.org\/{rel}","templated":true}]}}