{"id":56801,"date":"2020-10-01T05:03:00","date_gmt":"2020-10-01T08:03:00","guid":{"rendered":"http:\/\/progepe.ufpr.br\/portal\/?post_type=portarias&#038;p=56801"},"modified":"2023-08-03T13:20:29","modified_gmt":"2023-08-03T16:20:29","slug":"rt-2020-01394","status":"publish","type":"post","link":"https:\/\/progepe.ufpr.br\/portarias\/rt-2020-01394\/","title":{"rendered":"PORTARIA N\u00ba 01394\/REITORIA, DE 01 DE OUTUBRO DE 2020"},"content":{"rendered":"\n<p><strong>O Reitor da Universidade Federal do Paran\u00e1, <\/strong>no uso de suas atribui\u00e7\u00f5es, e considerando o que consta do processo n\u00ba 23075.043592\/2020-38, <\/p>\n\n\n\n<p>RESOLVE:<\/p>\n\n\n\n<p>I. Exonerar, a pedido, a partir de 24 de \nsetembro 2020, do Quadro Permanente desta Universidade, SERGIO VARGAS \nOKUYAMA &#8211; 3117459, ocupante do cargo de Administrador, lotado na \nCoordenadoria de Manuten\u00e7\u00e3o da Superintend\u00eancia de Infraestrutura.<\/p>\n\n\n\n<p>II. Declarar aberta a vaga.<\/p>\n\n\n\n<p class=\"has-text-align-right\"><\/p>\n","protected":false},"excerpt":{"rendered":"<p>I. Exonerar, a pedido, a partir de 24 de setembro 2020, do Quadro Permanente desta Universidade, SERGIO VARGAS OKUYAMA &#8211; 3117459, ocupante do cargo de Administrador, lotado na Coordenadoria de Manuten\u00e7\u00e3o da Superintend\u00eancia de Infraestrutura.  II. Declarar aberta a vaga.  <!-- wp:paragraph {\"align\":\"right\"} \n\n<p class=\"has-text-align-right\">\n<\/p>\n","protected":false},"author":48,"featured_media":0,"comment_status":"closed","ping_status":"open","sticky":false,"template":"","format":"standard","meta":{"_acf_changed":false,"iawp_total_views":0,"footnotes":""},"categories":[117],"tags":[122],"class_list":["post-56801","post","type-post","status-publish","format-standard","hentry","category-rt","tag-exoneracao"],"acf":[],"_links":{"self":[{"href":"https:\/\/progepe.ufpr.br\/portarias\/wp-json\/wp\/v2\/posts\/56801","targetHints":{"allow":["GET"]}}],"collection":[{"href":"https:\/\/progepe.ufpr.br\/portarias\/wp-json\/wp\/v2\/posts"}],"about":[{"href":"https:\/\/progepe.ufpr.br\/portarias\/wp-json\/wp\/v2\/types\/post"}],"author":[{"embeddable":true,"href":"https:\/\/progepe.ufpr.br\/portarias\/wp-json\/wp\/v2\/users\/48"}],"replies":[{"embeddable":true,"href":"https:\/\/progepe.ufpr.br\/portarias\/wp-json\/wp\/v2\/comments?post=56801"}],"version-history":[{"count":2,"href":"https:\/\/progepe.ufpr.br\/portarias\/wp-json\/wp\/v2\/posts\/56801\/revisions"}],"predecessor-version":[{"id":90565,"href":"https:\/\/progepe.ufpr.br\/portarias\/wp-json\/wp\/v2\/posts\/56801\/revisions\/90565"}],"wp:attachment":[{"href":"https:\/\/progepe.ufpr.br\/portarias\/wp-json\/wp\/v2\/media?parent=56801"}],"wp:term":[{"taxonomy":"category","embeddable":true,"href":"https:\/\/progepe.ufpr.br\/portarias\/wp-json\/wp\/v2\/categories?post=56801"},{"taxonomy":"post_tag","embeddable":true,"href":"https:\/\/progepe.ufpr.br\/portarias\/wp-json\/wp\/v2\/tags?post=56801"}],"curies":[{"name":"wp","href":"https:\/\/api.w.org\/{rel}","templated":true}]}}