{"id":56809,"date":"2020-10-01T05:04:00","date_gmt":"2020-10-01T08:04:00","guid":{"rendered":"http:\/\/progepe.ufpr.br\/portal\/?post_type=portarias&#038;p=56809"},"modified":"2023-08-03T13:20:29","modified_gmt":"2023-08-03T16:20:29","slug":"rt-2020-01395","status":"publish","type":"post","link":"https:\/\/progepe.ufpr.br\/portarias\/rt-2020-01395\/","title":{"rendered":"PORTARIA N\u00ba 01395\/REITORIA, DE 01 DE OUTUBRO DE 2020"},"content":{"rendered":"\n<p><strong>O Reitor da Universidade Federal do Paran\u00e1, <\/strong>no uso de suas atribui\u00e7\u00f5es, e considerando o que consta do processo n\u00ba 23075.051268\/2020-93, <\/p>\n\n\n\n<p>RESOLVE:<\/p>\n\n\n\n<p>I. Exonerar, a pedido, a partir de 16 de \noutubro 2020, do Quadro Permanente desta Universidade, DALTON LUCIO \nBRASIL PEREIRA FILHO &#8211; 3070931, ocupante do cargo de Engenheiro \u00c1rea, \nlotado na Coordenadoria T\u00e9cnica da Superintend\u00eancia de Infraestrutura.<\/p>\n\n\n\n<p>II. Declarar aberta a vaga.<\/p>\n\n\n\n<p class=\"has-text-align-right\"><\/p>\n","protected":false},"excerpt":{"rendered":"<p>I. Exonerar, a pedido, a partir de 16 de outubro 2020, do Quadro Permanente desta Universidade, DALTON LUCIO BRASIL PEREIRA FILHO &#8211; 3070931, ocupante do cargo de Engenheiro \u00c1rea, lotado na Coordenadoria T\u00e9cnica da Superintend\u00eancia de Infraestrutura.  II. Declarar aberta a vaga.  <!-- wp:paragraph {\"align\":\"right\"} \n\n<p class=\"has-text-align-right\">\n<\/p>\n","protected":false},"author":48,"featured_media":0,"comment_status":"closed","ping_status":"open","sticky":false,"template":"","format":"standard","meta":{"_acf_changed":false,"iawp_total_views":42,"footnotes":""},"categories":[117],"tags":[122],"class_list":["post-56809","post","type-post","status-publish","format-standard","hentry","category-rt","tag-exoneracao"],"acf":[],"_links":{"self":[{"href":"https:\/\/progepe.ufpr.br\/portarias\/wp-json\/wp\/v2\/posts\/56809","targetHints":{"allow":["GET"]}}],"collection":[{"href":"https:\/\/progepe.ufpr.br\/portarias\/wp-json\/wp\/v2\/posts"}],"about":[{"href":"https:\/\/progepe.ufpr.br\/portarias\/wp-json\/wp\/v2\/types\/post"}],"author":[{"embeddable":true,"href":"https:\/\/progepe.ufpr.br\/portarias\/wp-json\/wp\/v2\/users\/48"}],"replies":[{"embeddable":true,"href":"https:\/\/progepe.ufpr.br\/portarias\/wp-json\/wp\/v2\/comments?post=56809"}],"version-history":[{"count":2,"href":"https:\/\/progepe.ufpr.br\/portarias\/wp-json\/wp\/v2\/posts\/56809\/revisions"}],"predecessor-version":[{"id":90568,"href":"https:\/\/progepe.ufpr.br\/portarias\/wp-json\/wp\/v2\/posts\/56809\/revisions\/90568"}],"wp:attachment":[{"href":"https:\/\/progepe.ufpr.br\/portarias\/wp-json\/wp\/v2\/media?parent=56809"}],"wp:term":[{"taxonomy":"category","embeddable":true,"href":"https:\/\/progepe.ufpr.br\/portarias\/wp-json\/wp\/v2\/categories?post=56809"},{"taxonomy":"post_tag","embeddable":true,"href":"https:\/\/progepe.ufpr.br\/portarias\/wp-json\/wp\/v2\/tags?post=56809"}],"curies":[{"name":"wp","href":"https:\/\/api.w.org\/{rel}","templated":true}]}}