{"id":57095,"date":"2020-10-08T10:05:00","date_gmt":"2020-10-08T13:05:00","guid":{"rendered":"http:\/\/progepe.ufpr.br\/portal\/?post_type=portarias&#038;p=57095"},"modified":"2023-08-03T12:58:37","modified_gmt":"2023-08-03T15:58:37","slug":"progepe-2020-02897","status":"publish","type":"post","link":"https:\/\/progepe.ufpr.br\/portarias\/progepe-2020-02897\/","title":{"rendered":"PORTARIA N\u00ba 02897\/PROGEPE, DE 08 DE OUTUBRO DE 2020"},"content":{"rendered":"\n<p><strong>O Pr\u00f3-Reitor de Gest\u00e3o de Pessoas da Universidade Federal do Paran\u00e1,<\/strong>  no uso de suas atribui\u00e7\u00f5es, tendo em vista a compet\u00eancia que lhe \u00e9  conferida pela Portaria n\u00ba 2.590, de 26 de setembro de 1997,  considerando o que consta na Resolu\u00e7\u00e3o n\u00ba 10\/2014-CEPE; Artigo 13 da Lei  n\u00ba 12.772\/12 e ainda o que consta no processo n\u00ba  23075.052917\/2020-73,<\/p>\n\n\n\n<p>RESOLVE:<\/p>\n\n\n\n<p>I. Conceder promo\u00e7\u00e3o funcional \u00e0 servidora \nDepartamento de Enfermagem \u2013 342672, lotada no Departamento de \nEnfermagem do Setor de Ci\u00eancias da Sa\u00fade, do n\u00edvel 6-04 da classe C \u2013 \nAdjunto para o n\u00edvel 7-01 da classe D &#8211; Associado, a partir de 01 de \noutubro de 2020.<\/p>\n\n\n\n<p>II. Conceder retribui\u00e7\u00e3o por titula\u00e7\u00e3o, de \nacordo com o Artigo 16 da Lei n\u00ba 12.772\/12, a partir de 01 de outubro de\n 2020, \u00e0 referida servidora, tendo em vista a obten\u00e7\u00e3o do T\u00edtulo de \nDoutor em Enfermagem.<\/p>\n\n\n\n<p>III. A progress\u00e3o subsequente ser\u00e1 a partir de 01 de outubro de 2022, conforme o \u00a72 do artigo 4\u00ba da resolu\u00e7\u00e3o 10\/14.<\/p>\n\n\n\n<p style=\"text-align:right\"><strong>DOUGLAS ORTIZ HAMERMULLER<\/strong><\/p>\n\n\n\n<p>&nbsp;&nbsp;&nbsp; <\/p>\n","protected":false},"excerpt":{"rendered":"<p>I. Conceder promo\u00e7\u00e3o funcional \u00e0 servidora Departamento de Enfermagem \u2013 342672, lotada no Departamento de Enfermagem do Setor de Ci\u00eancias da Sa\u00fade, do n\u00edvel 6-04 da classe C \u2013 Adjunto para o n\u00edvel 7-01 da classe D &#8211; Associado, a partir de 01 de outubro de 2020.  II. Conceder retribui\u00e7\u00e3o por titula\u00e7\u00e3o, de acordo com o Artigo 16 da Lei n\u00ba 12.772\/12, a partir de 01 de outubro de 2020, \u00e0 referida servidora, tendo em vista a obten\u00e7\u00e3o do T\u00edtulo de Doutor em Enfermagem.  III. A progress\u00e3o subsequente ser\u00e1 a partir de 01 de outubro de<\/p>\n","protected":false},"author":48,"featured_media":0,"comment_status":"closed","ping_status":"closed","sticky":false,"template":"","format":"standard","meta":{"_acf_changed":false,"iawp_total_views":0,"footnotes":""},"categories":[116],"tags":[143],"class_list":["post-57095","post","type-post","status-publish","format-standard","hentry","category-progepe","tag-progressao-promocao"],"acf":[],"_links":{"self":[{"href":"https:\/\/progepe.ufpr.br\/portarias\/wp-json\/wp\/v2\/posts\/57095","targetHints":{"allow":["GET"]}}],"collection":[{"href":"https:\/\/progepe.ufpr.br\/portarias\/wp-json\/wp\/v2\/posts"}],"about":[{"href":"https:\/\/progepe.ufpr.br\/portarias\/wp-json\/wp\/v2\/types\/post"}],"author":[{"embeddable":true,"href":"https:\/\/progepe.ufpr.br\/portarias\/wp-json\/wp\/v2\/users\/48"}],"replies":[{"embeddable":true,"href":"https:\/\/progepe.ufpr.br\/portarias\/wp-json\/wp\/v2\/comments?post=57095"}],"version-history":[{"count":2,"href":"https:\/\/progepe.ufpr.br\/portarias\/wp-json\/wp\/v2\/posts\/57095\/revisions"}],"predecessor-version":[{"id":196022,"href":"https:\/\/progepe.ufpr.br\/portarias\/wp-json\/wp\/v2\/posts\/57095\/revisions\/196022"}],"wp:attachment":[{"href":"https:\/\/progepe.ufpr.br\/portarias\/wp-json\/wp\/v2\/media?parent=57095"}],"wp:term":[{"taxonomy":"category","embeddable":true,"href":"https:\/\/progepe.ufpr.br\/portarias\/wp-json\/wp\/v2\/categories?post=57095"},{"taxonomy":"post_tag","embeddable":true,"href":"https:\/\/progepe.ufpr.br\/portarias\/wp-json\/wp\/v2\/tags?post=57095"}],"curies":[{"name":"wp","href":"https:\/\/api.w.org\/{rel}","templated":true}]}}