{"id":57166,"date":"2020-10-09T10:16:00","date_gmt":"2020-10-09T13:16:00","guid":{"rendered":"http:\/\/progepe.ufpr.br\/portal\/?post_type=portarias&#038;p=57166"},"modified":"2023-08-03T12:58:42","modified_gmt":"2023-08-03T15:58:42","slug":"progepe-2020-02937","status":"publish","type":"post","link":"https:\/\/progepe.ufpr.br\/portarias\/progepe-2020-02937\/","title":{"rendered":"PORTARIA N\u00ba 02937\/PROGEPE, DE 09 DE OUTUBRO DE 2020"},"content":{"rendered":"\n<p><strong>O Pr\u00f3-Reitor de Gest\u00e3o de Pessoas da Universidade Federal do Paran\u00e1,<\/strong>  no uso de suas atribui\u00e7\u00f5es, tendo em vista a compet\u00eancia que lhe \u00e9  conferida pela Portaria n\u00ba 2.590, de 26 de setembro de 1997; o que  consta no Art. 100 e 103 da Lei n\u00ba 8.112\/90 e ainda o contido no  processo n\u00ba 23075.049456\/2003-61, <\/p>\n\n\n\n<p>RESOLVE:<\/p>\n\n\n\n<p>I. Tornar sem efeito a Portaria n\u00ba 4.949\/PHRAE, de 15 de abril de 2004 e a Portaria n\u00ba 7.734\/PHRAE, de 14 de junho de 2005.<\/p>\n\n\n\n<p>II.&nbsp;Averbar, a partir de 10 de outubro de \n2020, em favor do servidor JOAO RICARDO DITTRICH &#8211; 342767, ocupante do \ncargo de Professor do Magist\u00e9rio Superior, lotado no Departamento de \nZootecnia do Setor de Ci\u00eancias Agr\u00e1rias tempo de servi\u00e7o abaixo listado,\n para fins de:<\/p>\n\n\n\n<p>Aposentadoria e disponibilidade:<\/p>\n\n\n\n<table class=\"wp-block-table\"><tbody><tr><td>\n\t\t\tEMPRESA\n\t\t\t<\/td><td>\n\t\t\tPER\u00cdODO\n\t\t\t<\/td><td>\n\t\t\tTOTAL DE DIAS\n\t\t\t<\/td><\/tr><tr><td>\n\t\t\tMASSA FALIDA DE HERMES MACEDO S\/A\n\t\t\t<\/td><td>\n\t\t\t15.10.1982 a 24.12.1982\n\t\t\t<\/td><td>\n\t\t\t70\n\t\t\t<\/td><\/tr><tr><td>\n\t\t\tUNIVERSIDADE FEDERAL DO PARAN\u00c1\n\t\t\t<\/td><td>\n\t\t\t03.10.1988 a 02.10.1989\n\t\t\t<\/td><td>\n\t\t\t365\n\t\t\t<\/td><\/tr><tr><td>\n\t\t\tUNIVERSIDADE FEDERAL DO PARAN\u00c1\n\t\t\t<\/td><td>\n\t\t\t12.07.1990 a 30.11.1990\n\t\t\t<\/td><td>\n\t\t\t139<\/td><\/tr><\/tbody><\/table>\n\n\n\n<p><strong>DOUGLAS ORTIZ HAMERMULLER<\/strong><\/p>\n","protected":false},"excerpt":{"rendered":"<p>I. Tornar sem efeito a Portaria n\u00ba 4.949\/PHRAE, de 15 de abril de 2004 e a Portaria n\u00ba 7.734\/PHRAE, de 14 de junho de 2005.  II.&nbsp;Averbar, a partir de 10 de outubro de 2020, em favor do servidor JOAO RICARDO DITTRICH &#8211; 342767, ocupante do cargo de Professor do Magist\u00e9rio Superior, lotado no Departamento de Zootecnia do Setor de Ci\u00eancias Agr\u00e1rias tempo de servi\u00e7o abaixo listado, para fins de:  Aposentadoria e disponibilidade:  <!-- wp:table \n\n<table class=\"wp-block-table\">\n\n<tbody>\n\n<tr>\n\n<td>  EMPRESA  <\/td>\n\n\n\n<td>  PER\u00cdODO  <\/td>\n\n\n\n<td>  TOTAL DE DIAS  <\/td>\n\n<\/tr>\n\n\n\n<tr>\n\n<td>  MASSA FALIDA DE HERMES\n<\/p>\n","protected":false},"author":48,"featured_media":0,"comment_status":"closed","ping_status":"closed","sticky":false,"template":"","format":"standard","meta":{"_acf_changed":false,"iawp_total_views":0,"footnotes":""},"categories":[116],"tags":[140],"class_list":["post-57166","post","type-post","status-publish","format-standard","hentry","category-progepe","tag-averbacao-desaverbacao"],"acf":[],"_links":{"self":[{"href":"https:\/\/progepe.ufpr.br\/portarias\/wp-json\/wp\/v2\/posts\/57166","targetHints":{"allow":["GET"]}}],"collection":[{"href":"https:\/\/progepe.ufpr.br\/portarias\/wp-json\/wp\/v2\/posts"}],"about":[{"href":"https:\/\/progepe.ufpr.br\/portarias\/wp-json\/wp\/v2\/types\/post"}],"author":[{"embeddable":true,"href":"https:\/\/progepe.ufpr.br\/portarias\/wp-json\/wp\/v2\/users\/48"}],"replies":[{"embeddable":true,"href":"https:\/\/progepe.ufpr.br\/portarias\/wp-json\/wp\/v2\/comments?post=57166"}],"version-history":[{"count":1,"href":"https:\/\/progepe.ufpr.br\/portarias\/wp-json\/wp\/v2\/posts\/57166\/revisions"}],"predecessor-version":[{"id":196025,"href":"https:\/\/progepe.ufpr.br\/portarias\/wp-json\/wp\/v2\/posts\/57166\/revisions\/196025"}],"wp:attachment":[{"href":"https:\/\/progepe.ufpr.br\/portarias\/wp-json\/wp\/v2\/media?parent=57166"}],"wp:term":[{"taxonomy":"category","embeddable":true,"href":"https:\/\/progepe.ufpr.br\/portarias\/wp-json\/wp\/v2\/categories?post=57166"},{"taxonomy":"post_tag","embeddable":true,"href":"https:\/\/progepe.ufpr.br\/portarias\/wp-json\/wp\/v2\/tags?post=57166"}],"curies":[{"name":"wp","href":"https:\/\/api.w.org\/{rel}","templated":true}]}}