{"id":57229,"date":"2020-10-09T10:01:00","date_gmt":"2020-10-09T13:01:00","guid":{"rendered":"http:\/\/progepe.ufpr.br\/portal\/?post_type=portarias&#038;p=57229"},"modified":"2023-08-03T12:58:40","modified_gmt":"2023-08-03T15:58:40","slug":"progepe-2020-02922","status":"publish","type":"post","link":"https:\/\/progepe.ufpr.br\/portarias\/progepe-2020-02922\/","title":{"rendered":"PORTARIA N\u00ba 02922\/PROGEPE, DE 09 DE OUTUBRO DE 2020"},"content":{"rendered":"\n<p><strong>O Pr\u00f3-Reitor de Gest\u00e3o de Pessoas da Universidade Federal do Paran\u00e1, <\/strong>no  uso de suas atribui\u00e7\u00f5es, tendo em vista a compet\u00eancia que lhe \u00e9  conferida pela Portaria n\u00ba 2.590, de 26 de setembro de 1997,  considerando o que consta na Resolu\u00e7\u00e3o n\u00ba 14\/2014-CEPE, alterada pela  Resolu\u00e7\u00e3o n\u00ba 16\/2014, e ainda o que consta no processo n\u00ba  23075.032720\/2020-18, <\/p>\n\n\n\n<p>RESOLVE:<\/p>\n\n\n\n<p> Conceder promo\u00e7\u00e3o funcional ao servidor MARGIO CEZAR LOSS KLOCK \u2013  1485501, lotado no Setor Litoral, do n\u00edvel 4-04 da classe D para o n\u00edvel  Titular, conforme parecer da CPPD na avalia\u00e7\u00e3o de desempenho, a partir  de 05 de setembro de 2020. <\/p>\n\n\n\n<p style=\"text-align:right\"><strong>DOUGLAS ORTIZ HAMERMULLER<\/strong><\/p>\n","protected":false},"excerpt":{"rendered":"<p>Conceder promo\u00e7\u00e3o funcional ao servidor MARGIO CEZAR LOSS KLOCK \u2013 1485501, lotado no Setor Litoral, do n\u00edvel 4-04 da classe D para o n\u00edvel Titular, conforme parecer da CPPD na avalia\u00e7\u00e3o de desempenho, a partir de 05 de setembro de 2020.  <!-- wp:paragraph {\"align\":\"right\"} \n\n<p style=\"text-align:right\"><strong>DOUGLAS ORTIZ HAMERMULLER<\/strong>\n<\/p>\n","protected":false},"author":48,"featured_media":0,"comment_status":"closed","ping_status":"closed","sticky":false,"template":"","format":"standard","meta":{"_acf_changed":false,"iawp_total_views":0,"footnotes":""},"categories":[116],"tags":[143],"class_list":["post-57229","post","type-post","status-publish","format-standard","hentry","category-progepe","tag-progressao-promocao"],"acf":[],"_links":{"self":[{"href":"https:\/\/progepe.ufpr.br\/portarias\/wp-json\/wp\/v2\/posts\/57229","targetHints":{"allow":["GET"]}}],"collection":[{"href":"https:\/\/progepe.ufpr.br\/portarias\/wp-json\/wp\/v2\/posts"}],"about":[{"href":"https:\/\/progepe.ufpr.br\/portarias\/wp-json\/wp\/v2\/types\/post"}],"author":[{"embeddable":true,"href":"https:\/\/progepe.ufpr.br\/portarias\/wp-json\/wp\/v2\/users\/48"}],"replies":[{"embeddable":true,"href":"https:\/\/progepe.ufpr.br\/portarias\/wp-json\/wp\/v2\/comments?post=57229"}],"version-history":[{"count":1,"href":"https:\/\/progepe.ufpr.br\/portarias\/wp-json\/wp\/v2\/posts\/57229\/revisions"}],"predecessor-version":[{"id":196036,"href":"https:\/\/progepe.ufpr.br\/portarias\/wp-json\/wp\/v2\/posts\/57229\/revisions\/196036"}],"wp:attachment":[{"href":"https:\/\/progepe.ufpr.br\/portarias\/wp-json\/wp\/v2\/media?parent=57229"}],"wp:term":[{"taxonomy":"category","embeddable":true,"href":"https:\/\/progepe.ufpr.br\/portarias\/wp-json\/wp\/v2\/categories?post=57229"},{"taxonomy":"post_tag","embeddable":true,"href":"https:\/\/progepe.ufpr.br\/portarias\/wp-json\/wp\/v2\/tags?post=57229"}],"curies":[{"name":"wp","href":"https:\/\/api.w.org\/{rel}","templated":true}]}}