{"id":57253,"date":"2020-10-09T10:11:00","date_gmt":"2020-10-09T13:11:00","guid":{"rendered":"http:\/\/progepe.ufpr.br\/portal\/?post_type=portarias&#038;p=57253"},"modified":"2023-08-03T12:58:41","modified_gmt":"2023-08-03T15:58:41","slug":"progepe-2020-02932","status":"publish","type":"post","link":"https:\/\/progepe.ufpr.br\/portarias\/progepe-2020-02932\/","title":{"rendered":"PORTARIA N\u00ba 02932\/PROGEPE, DE 09 DE OUTUBRO DE 2020"},"content":{"rendered":"\n<p><strong>O Pr\u00f3-Reitor de Gest\u00e3o de Pessoas da Universidade Federal do Paran\u00e1,<\/strong> no uso de suas atribui\u00e7\u00f5es, tendo em vista a compet\u00eancia que lhe \u00e9 conferida pela Portaria n\u00ba 2.590, de 26 de setembro de 1997 e considerando o que consta no processo n\u00ba 23075.017182\/2020-31, <\/p>\n\n\n\n<p>RESOLVE: <\/p>\n\n\n\n<p>Autorizar o afastamento integral da servidora MARIA\nRITA TAQUES MICHALSKI &#8211; 344073, ocupante do cargo de Recepcionista, lotada na\nSe\u00e7\u00e3o de Articula\u00e7\u00e3o e Comunica\u00e7\u00e3o da Pr\u00f3-Reitoria de Extens\u00e3o e Cultura, para\nparticipar de&nbsp;Programa de P\u00f3s-Gradua\u00e7\u00e3o em Desenvolvimento Territorial\nSustent\u00e1vel, a n\u00edvel de Mestrado<strong>,&nbsp;<\/strong>na Universidade Federal do\nParan\u00e1&nbsp;,&nbsp;em Matinhos\/PR, no per\u00edodo de 10 de outubro de 2020 a 03 de\nabril de 2022, com \u00f4nus limitado para UFPR.<\/p>\n\n\n\n<p style=\"text-align:right\"><strong>DOUGLAS ORTIZ HAMERMULLER<\/strong><\/p>\n","protected":false},"excerpt":{"rendered":"<p>O Pr\u00f3-Reitor de Gest\u00e3o de Pessoas da Universidade Federal do Paran\u00e1, no uso de suas atribui\u00e7\u00f5es, tendo em vista a compet\u00eancia que lhe \u00e9 conferida pela Portaria n\u00ba 2.590, de 26 de setembro de 1997 e considerando o que consta no processo n\u00ba 23075.017182\/2020-31, RESOLVE: Autorizar o afastamento integral da servidora MARIA RITA TAQUES MICHALSKI [&hellip;]<\/p>\n","protected":false},"author":50,"featured_media":0,"comment_status":"closed","ping_status":"closed","sticky":false,"template":"","format":"standard","meta":{"_acf_changed":false,"iawp_total_views":0,"footnotes":""},"categories":[116],"tags":[123],"class_list":["post-57253","post","type-post","status-publish","format-standard","hentry","category-progepe","tag-afastamento-licenca"],"acf":[],"_links":{"self":[{"href":"https:\/\/progepe.ufpr.br\/portarias\/wp-json\/wp\/v2\/posts\/57253","targetHints":{"allow":["GET"]}}],"collection":[{"href":"https:\/\/progepe.ufpr.br\/portarias\/wp-json\/wp\/v2\/posts"}],"about":[{"href":"https:\/\/progepe.ufpr.br\/portarias\/wp-json\/wp\/v2\/types\/post"}],"author":[{"embeddable":true,"href":"https:\/\/progepe.ufpr.br\/portarias\/wp-json\/wp\/v2\/users\/50"}],"replies":[{"embeddable":true,"href":"https:\/\/progepe.ufpr.br\/portarias\/wp-json\/wp\/v2\/comments?post=57253"}],"version-history":[{"count":1,"href":"https:\/\/progepe.ufpr.br\/portarias\/wp-json\/wp\/v2\/posts\/57253\/revisions"}],"predecessor-version":[{"id":196040,"href":"https:\/\/progepe.ufpr.br\/portarias\/wp-json\/wp\/v2\/posts\/57253\/revisions\/196040"}],"wp:attachment":[{"href":"https:\/\/progepe.ufpr.br\/portarias\/wp-json\/wp\/v2\/media?parent=57253"}],"wp:term":[{"taxonomy":"category","embeddable":true,"href":"https:\/\/progepe.ufpr.br\/portarias\/wp-json\/wp\/v2\/categories?post=57253"},{"taxonomy":"post_tag","embeddable":true,"href":"https:\/\/progepe.ufpr.br\/portarias\/wp-json\/wp\/v2\/tags?post=57253"}],"curies":[{"name":"wp","href":"https:\/\/api.w.org\/{rel}","templated":true}]}}