{"id":57275,"date":"2020-10-13T10:17:00","date_gmt":"2020-10-13T13:17:00","guid":{"rendered":"http:\/\/progepe.ufpr.br\/portal\/?post_type=portarias&#038;p=57275"},"modified":"2023-08-03T12:58:44","modified_gmt":"2023-08-03T15:58:44","slug":"progepe-2020-02956","status":"publish","type":"post","link":"https:\/\/progepe.ufpr.br\/portarias\/progepe-2020-02956\/","title":{"rendered":"PORTARIA N\u00ba 02956\/PROGEPE, DE 13 DE OUTUBRO DE 2020"},"content":{"rendered":"\n<p><strong>O Pr\u00f3-Reitor de Gest\u00e3o de Pessoas da Universidade Federal do Paran\u00e1<\/strong>, no uso de suas atribui\u00e7\u00f5es e considerando o que consta no Processo n\u00ba 23075.046228\/2020-20 <\/p>\n\n\n\n<p>RESOLVE: <\/p>\n\n\n\n<p>Retificar a Portaria n\u00ba 2938\/PROGEPE, de 09 de\noutubro de 2020, que concedeu&nbsp;o adicional ocupacional \u00e0 servidora SILVIA\nCRISTINA BARBOSA FARIA:<\/p>\n\n\n\n<p>Onde se l\u00ea: In\u00edcio da Concess\u00e3o: 24\/08\/2020.<\/p>\n\n\n\n<p>Leia-se: In\u00edcio da Concess\u00e3o: 01\/10\/2020.<\/p>\n\n\n\n<p style=\"text-align:right\"><strong>DOUGLAS ORTIZ HAMERMULLER<\/strong><\/p>\n","protected":false},"excerpt":{"rendered":"<p>O Pr\u00f3-Reitor de Gest\u00e3o de Pessoas da Universidade Federal do Paran\u00e1, no uso de suas atribui\u00e7\u00f5es e considerando o que consta no Processo n\u00ba 23075.046228\/2020-20 RESOLVE: Retificar a Portaria n\u00ba 2938\/PROGEPE, de 09 de outubro de 2020, que concedeu&nbsp;o adicional ocupacional \u00e0 servidora SILVIA CRISTINA BARBOSA FARIA: Onde se l\u00ea: In\u00edcio da Concess\u00e3o: 24\/08\/2020. Leia-se: [&hellip;]<\/p>\n","protected":false},"author":50,"featured_media":0,"comment_status":"closed","ping_status":"closed","sticky":false,"template":"","format":"standard","meta":{"_acf_changed":false,"iawp_total_views":0,"footnotes":""},"categories":[116],"tags":[139],"class_list":["post-57275","post","type-post","status-publish","format-standard","hentry","category-progepe","tag-adicional"],"acf":[],"_links":{"self":[{"href":"https:\/\/progepe.ufpr.br\/portarias\/wp-json\/wp\/v2\/posts\/57275","targetHints":{"allow":["GET"]}}],"collection":[{"href":"https:\/\/progepe.ufpr.br\/portarias\/wp-json\/wp\/v2\/posts"}],"about":[{"href":"https:\/\/progepe.ufpr.br\/portarias\/wp-json\/wp\/v2\/types\/post"}],"author":[{"embeddable":true,"href":"https:\/\/progepe.ufpr.br\/portarias\/wp-json\/wp\/v2\/users\/50"}],"replies":[{"embeddable":true,"href":"https:\/\/progepe.ufpr.br\/portarias\/wp-json\/wp\/v2\/comments?post=57275"}],"version-history":[{"count":1,"href":"https:\/\/progepe.ufpr.br\/portarias\/wp-json\/wp\/v2\/posts\/57275\/revisions"}],"predecessor-version":[{"id":196043,"href":"https:\/\/progepe.ufpr.br\/portarias\/wp-json\/wp\/v2\/posts\/57275\/revisions\/196043"}],"wp:attachment":[{"href":"https:\/\/progepe.ufpr.br\/portarias\/wp-json\/wp\/v2\/media?parent=57275"}],"wp:term":[{"taxonomy":"category","embeddable":true,"href":"https:\/\/progepe.ufpr.br\/portarias\/wp-json\/wp\/v2\/categories?post=57275"},{"taxonomy":"post_tag","embeddable":true,"href":"https:\/\/progepe.ufpr.br\/portarias\/wp-json\/wp\/v2\/tags?post=57275"}],"curies":[{"name":"wp","href":"https:\/\/api.w.org\/{rel}","templated":true}]}}