{"id":57293,"date":"2020-10-13T10:11:00","date_gmt":"2020-10-13T13:11:00","guid":{"rendered":"http:\/\/progepe.ufpr.br\/portal\/?post_type=portarias&#038;p=57293"},"modified":"2023-08-03T12:58:44","modified_gmt":"2023-08-03T15:58:44","slug":"progepe-2020-02950","status":"publish","type":"post","link":"https:\/\/progepe.ufpr.br\/portarias\/progepe-2020-02950\/","title":{"rendered":"PORTARIA N\u00ba 02950\/PROGEPE, DE 13 DE OUTUBRO DE 2020"},"content":{"rendered":"\n<p><strong>O Pr\u00f3-Reitor de Gest\u00e3o de Pessoas da Universidade Federal do Paran\u00e1,<\/strong>  no uso de suas atribui\u00e7\u00f5es, tendo em vista a compet\u00eancia que lhe \u00e9  conferida pela Portaria n\u00ba 2.590, de 26 de setembro de 1997 e  considerando o que consta no processo n\u00ba 23075.051972\/2020-46, <\/p>\n\n\n\n<p>RESOLVE:<\/p>\n\n\n\n<p> Autorizar a prorroga\u00e7\u00e3o do afastamento da servidora LETICIA MARA DE  MEIRA \u2013 1851331, ocupante do cargo de Pedagogo \u00c1rea, lotada na  Coordenadoria de Projetos e An\u00e1lise Curricular da Pr\u00f3-Reitoria de  Gradua\u00e7\u00e3o, para dar continuidade no Programa de P\u00f3s-Gradua\u00e7\u00e3o, a n\u00edvel  de Doutorado, \u00e1rea de concentra\u00e7\u00e3o em Hist\u00f3ria e Historiografia da  Educa\u00e7\u00e3o, na Universidade Federal do Paran\u00e1 &#8211; UFPR,\u00a0em Curitiba\/PR, no  per\u00edodo de 04\/12\/2020 a 04\/06\/2021, com \u00f4nus limitado para UFPR. <\/p>\n\n\n\n<p style=\"text-align:right\"><strong>DOUGLAS ORTIZ HAMERMULLER<\/strong><\/p>\n","protected":false},"excerpt":{"rendered":"<p>Autorizar a prorroga\u00e7\u00e3o do afastamento da servidora LETICIA MARA DE MEIRA \u2013 1851331, ocupante do cargo de Pedagogo \u00c1rea, lotada na Coordenadoria de Projetos e An\u00e1lise Curricular da Pr\u00f3-Reitoria de Gradua\u00e7\u00e3o, para dar continuidade no Programa de P\u00f3s-Gradua\u00e7\u00e3o, a n\u00edvel de Doutorado, \u00e1rea de concentra\u00e7\u00e3o em Hist\u00f3ria e Historiografia da Educa\u00e7\u00e3o, na Universidade Federal do Paran\u00e1 &#8211; UFPR,\u00a0em Curitiba\/PR, no per\u00edodo de 04\/12\/2020 a 04\/06\/2021, com \u00f4nus limitado para UFPR.  <!-- wp:paragraph {\"align\":\"right\"} \n\n<p style=\"text-align:right\"><strong>DOUGLAS ORTIZ HAMERMULLER<\/strong>\n<\/p>\n","protected":false},"author":48,"featured_media":0,"comment_status":"closed","ping_status":"closed","sticky":false,"template":"","format":"standard","meta":{"_acf_changed":false,"iawp_total_views":0,"footnotes":""},"categories":[116],"tags":[123],"class_list":["post-57293","post","type-post","status-publish","format-standard","hentry","category-progepe","tag-afastamento-licenca"],"acf":[],"_links":{"self":[{"href":"https:\/\/progepe.ufpr.br\/portarias\/wp-json\/wp\/v2\/posts\/57293","targetHints":{"allow":["GET"]}}],"collection":[{"href":"https:\/\/progepe.ufpr.br\/portarias\/wp-json\/wp\/v2\/posts"}],"about":[{"href":"https:\/\/progepe.ufpr.br\/portarias\/wp-json\/wp\/v2\/types\/post"}],"author":[{"embeddable":true,"href":"https:\/\/progepe.ufpr.br\/portarias\/wp-json\/wp\/v2\/users\/48"}],"replies":[{"embeddable":true,"href":"https:\/\/progepe.ufpr.br\/portarias\/wp-json\/wp\/v2\/comments?post=57293"}],"version-history":[{"count":1,"href":"https:\/\/progepe.ufpr.br\/portarias\/wp-json\/wp\/v2\/posts\/57293\/revisions"}],"predecessor-version":[{"id":196046,"href":"https:\/\/progepe.ufpr.br\/portarias\/wp-json\/wp\/v2\/posts\/57293\/revisions\/196046"}],"wp:attachment":[{"href":"https:\/\/progepe.ufpr.br\/portarias\/wp-json\/wp\/v2\/media?parent=57293"}],"wp:term":[{"taxonomy":"category","embeddable":true,"href":"https:\/\/progepe.ufpr.br\/portarias\/wp-json\/wp\/v2\/categories?post=57293"},{"taxonomy":"post_tag","embeddable":true,"href":"https:\/\/progepe.ufpr.br\/portarias\/wp-json\/wp\/v2\/tags?post=57293"}],"curies":[{"name":"wp","href":"https:\/\/api.w.org\/{rel}","templated":true}]}}