{"id":57323,"date":"2020-10-13T10:05:00","date_gmt":"2020-10-13T13:05:00","guid":{"rendered":"http:\/\/progepe.ufpr.br\/portal\/?post_type=portarias&#038;p=57323"},"modified":"2023-08-03T12:58:43","modified_gmt":"2023-08-03T15:58:43","slug":"progepe-2020-02944","status":"publish","type":"post","link":"https:\/\/progepe.ufpr.br\/portarias\/progepe-2020-02944\/","title":{"rendered":"PORTARIA N\u00ba 02944\/PROGEPE, DE 13 DE OUTUBRO DE 2020"},"content":{"rendered":"\n<p><strong>O Pr\u00f3-Reitor de Gest\u00e3o de Pessoas da Universidade Federal do Paran\u00e1,<\/strong>  no uso de suas atribui\u00e7\u00f5es, tendo em vista a compet\u00eancia que lhe \u00e9  conferida pela Portaria n\u00ba 2.590, de 26 de setembro de 1997 e  considerando o contido nos artigos 18, 19 e 20 da Resolu\u00e7\u00e3o n\u00ba  002\/2000-COPLAD e ainda o contido no processo n\u00ba 23075.050034\/2020-29, <\/p>\n\n\n\n<p>RESOLVE:<\/p>\n\n\n\n<p>Designar para compor a comiss\u00e3o respons\u00e1vel\n pela terceira etapa da avalia\u00e7\u00e3o de desempenho em est\u00e1gio probat\u00f3rio da\n servidora SARAH MENON DOMINGOS DO NASCIMENTO \u2013 3029868, ocupante do \ncargo de T\u00e9cnico em Assuntos Educacionais, lotada na Unidade de \nCapacita\u00e7\u00e3o e Qualifica\u00e7\u00e3o Pr\u00f3-Reitoria de Gest\u00e3o de Pessoas, os \nseguintes membros:<\/p>\n\n\n\n<ul class=\"wp-block-list\"><li>\n\tCLAUDETE GUIMARAES DA SILVA \u2013 3834012\n\t<\/li><li>\n\tDOUGLAS ORTIZ HAMERMULLER &#8211; 1560611\n\t<\/li><li>\n\tLANIA VIRGINIA BUSNELLO VAZ &#8211; 6344034\n\t<\/li><\/ul>\n\n\n\n<p style=\"text-align:right\"><strong>DOUGLAS ORTIZ HAMERMULLER<\/strong>,\n\n<\/p>\n","protected":false},"excerpt":{"rendered":"<p>Designar para compor a comiss\u00e3o respons\u00e1vel pela terceira etapa da avalia\u00e7\u00e3o de desempenho em est\u00e1gio probat\u00f3rio da servidora SARAH MENON DOMINGOS DO NASCIMENTO \u2013 3029868, ocupante do cargo de T\u00e9cnico em Assuntos Educacionais, lotada na Unidade de Capacita\u00e7\u00e3o e Qualifica\u00e7\u00e3o Pr\u00f3-Reitoria de Gest\u00e3o de Pessoas, os seguintes membros:  <!-- wp:list \n\n<ul>\n\n<li> CLAUDETE GUIMARAES DA SILVA \u2013 3834012 <\/li>\n\n\n\n<li> DOUGLAS ORTIZ HAMERMULLER - 1560611 <\/li>\n\n\n\n<li> LANIA VIRGINIA BUSNELLO VAZ - 6344034 <\/li>\n\n<\/ul>\n\n <!-- \/wp:list  <!-- wp:paragraph {\"align\":\"right\"} \n\n<p style=\"text-align:right\"><strong>DOUGLAS ORTIZ HAMERMULLER<\/strong>,\n<\/p>\n","protected":false},"author":48,"featured_media":0,"comment_status":"closed","ping_status":"closed","sticky":false,"template":"","format":"standard","meta":{"_acf_changed":false,"iawp_total_views":0,"footnotes":""},"categories":[116],"tags":[124],"class_list":["post-57323","post","type-post","status-publish","format-standard","hentry","category-progepe","tag-comissao"],"acf":[],"_links":{"self":[{"href":"https:\/\/progepe.ufpr.br\/portarias\/wp-json\/wp\/v2\/posts\/57323","targetHints":{"allow":["GET"]}}],"collection":[{"href":"https:\/\/progepe.ufpr.br\/portarias\/wp-json\/wp\/v2\/posts"}],"about":[{"href":"https:\/\/progepe.ufpr.br\/portarias\/wp-json\/wp\/v2\/types\/post"}],"author":[{"embeddable":true,"href":"https:\/\/progepe.ufpr.br\/portarias\/wp-json\/wp\/v2\/users\/48"}],"replies":[{"embeddable":true,"href":"https:\/\/progepe.ufpr.br\/portarias\/wp-json\/wp\/v2\/comments?post=57323"}],"version-history":[{"count":1,"href":"https:\/\/progepe.ufpr.br\/portarias\/wp-json\/wp\/v2\/posts\/57323\/revisions"}],"predecessor-version":[{"id":196051,"href":"https:\/\/progepe.ufpr.br\/portarias\/wp-json\/wp\/v2\/posts\/57323\/revisions\/196051"}],"wp:attachment":[{"href":"https:\/\/progepe.ufpr.br\/portarias\/wp-json\/wp\/v2\/media?parent=57323"}],"wp:term":[{"taxonomy":"category","embeddable":true,"href":"https:\/\/progepe.ufpr.br\/portarias\/wp-json\/wp\/v2\/categories?post=57323"},{"taxonomy":"post_tag","embeddable":true,"href":"https:\/\/progepe.ufpr.br\/portarias\/wp-json\/wp\/v2\/tags?post=57323"}],"curies":[{"name":"wp","href":"https:\/\/api.w.org\/{rel}","templated":true}]}}