{"id":57333,"date":"2020-10-13T10:03:00","date_gmt":"2020-10-13T13:03:00","guid":{"rendered":"http:\/\/progepe.ufpr.br\/portal\/?post_type=portarias&#038;p=57333"},"modified":"2023-08-03T12:58:43","modified_gmt":"2023-08-03T15:58:43","slug":"progepe-2020-02942","status":"publish","type":"post","link":"https:\/\/progepe.ufpr.br\/portarias\/progepe-2020-02942\/","title":{"rendered":"PORTARIA N\u00ba 02942\/PROGEPE, DE 13 DE OUTUBRO DE 2020"},"content":{"rendered":"\n<p><strong>O Pr\u00f3-Reitor de Gest\u00e3o de Pessoas da Universidade Federal do Paran\u00e1,<\/strong>  no uso de suas atribui\u00e7\u00f5es, tendo em vista a compet\u00eancia que lhe \u00e9  conferida pela Portaria n\u00ba 2.590, de 26 de setembro de 1997; o que  consta no Art. 100 e 103 da Lei n\u00ba 8.112\/90 e ainda o contido no  processo n\u00ba 23075.035055\/2020-14, <\/p>\n\n\n\n<p>RESOLVE:<\/p>\n\n\n\n<p>Averbar, a partir de 29 de junho de 2020, \nem favor da servidora SANDRA REGINA DE AZEVEDO KUHN &#8211; 1733693, ocupante \ndo cargo de Assistente em Administra\u00e7\u00e3o, lotada no Departamento de \nFitotecnia e Fitossanidade do Setor de Ci\u00eancias Agr\u00e1rias tempo de \nservi\u00e7o abaixo listado, para fins de:<\/p>\n\n\n\n<p>Aposentadoria e disponibilidade:<\/p>\n\n\n\n<table class=\"wp-block-table\"><tbody><tr><td>\n\t\t\tEMPRESA\n\t\t\t<\/td><td>\n\t\t\tPER\u00cdODO\n\t\t\t<\/td><td>\n\t\t\tTOTAL DE DIAS\n\t\t\t<\/td><\/tr><tr><td>\n\t\t\tARTHUR LUNDGREN TECIDOS S A CASAS PERNAMBUCANAS\n\t\t\t<\/td><td>\n\t\t\t01\/03\/2000 a 31\/10\/2000&nbsp;\n\t\t\t<\/td><td>\n\t\t\t245\n\t\t\t<\/td><\/tr><tr><td>\n\t\t\tCIRURGIA E DIAGNOSE EM OFTALMOLOGIA DO PARANA LTDA\n\t\t\t<\/td><td>\n\t\t\t25\/02\/2002 a 23\/01\/2004&nbsp;\n\t\t\t<\/td><td>\n\t\t\t698\n\t\t\t<\/td><\/tr><tr><td>\n\t\t\tCONTRIBUI\u00c7\u00c3O INDIVIDUAL\n\t\t\t<\/td><td>\n\t\t\t01\/06\/2006 a 30\/06\/2008&nbsp;\n\t\t\t<\/td><td>\n\t\t\t761\n\t\t\t<\/td><\/tr><tr><td>\n\t\t\tPARANA TRIBUNAL DE JUSTICA\n\t\t\t<\/td><td>\n\t\t\t01\/07\/2008 a 13\/04\/2009&nbsp;\n\t\t\t<\/td><td>\n\t\t\t287\n\t\t\t<\/td><\/tr><tr><td>\n\t\t\tMUNICIPIO DE COLOMBO\n\t\t\t<\/td><td>\n\t\t\t15\/04\/2009 a 21\/10\/2009\n\t\t\t<\/td><td>\n\t\t\t190<\/td><\/tr><\/tbody><\/table>\n\n\n\n<p style=\"text-align:right\"><strong>DOUGLAS ORTIZ HAMERMULLER<\/strong><\/p>\n","protected":false},"excerpt":{"rendered":"<p>Averbar, a partir de 29 de junho de 2020, em favor da servidora SANDRA REGINA DE AZEVEDO KUHN &#8211; 1733693, ocupante do cargo de Assistente em Administra\u00e7\u00e3o, lotada no Departamento de Fitotecnia e Fitossanidade do Setor de Ci\u00eancias Agr\u00e1rias tempo de servi\u00e7o abaixo listado, para fins de:  Aposentadoria e disponibilidade:  <!-- wp:table \n\n<table class=\"wp-block-table\">\n\n<tbody>\n\n<tr>\n\n<td>  EMPRESA  <\/td>\n\n\n\n<td>  PER\u00cdODO  <\/td>\n\n\n\n<td>  TOTAL DE DIAS  <\/td>\n\n<\/tr>\n\n\n\n<tr>\n\n<td>  ARTHUR LUNDGREN TECIDOS S A CASAS PERNAMBUCANAS  <\/td>\n\n\n\n<td>  01\/03\/2000 a 31\/10\/2000&nbsp;  <\/td>\n\n\n\n<td>  245  <\/td>\n\n<\/tr>\n\n\n\n<tr>\n\n<td>  CIRURGIA E DIAGNOSE EM OFTALMOLOGIA DO PARANA\n<\/p>\n","protected":false},"author":48,"featured_media":0,"comment_status":"closed","ping_status":"closed","sticky":false,"template":"","format":"standard","meta":{"_acf_changed":false,"iawp_total_views":0,"footnotes":""},"categories":[116],"tags":[140],"class_list":["post-57333","post","type-post","status-publish","format-standard","hentry","category-progepe","tag-averbacao-desaverbacao"],"acf":[],"_links":{"self":[{"href":"https:\/\/progepe.ufpr.br\/portarias\/wp-json\/wp\/v2\/posts\/57333","targetHints":{"allow":["GET"]}}],"collection":[{"href":"https:\/\/progepe.ufpr.br\/portarias\/wp-json\/wp\/v2\/posts"}],"about":[{"href":"https:\/\/progepe.ufpr.br\/portarias\/wp-json\/wp\/v2\/types\/post"}],"author":[{"embeddable":true,"href":"https:\/\/progepe.ufpr.br\/portarias\/wp-json\/wp\/v2\/users\/48"}],"replies":[{"embeddable":true,"href":"https:\/\/progepe.ufpr.br\/portarias\/wp-json\/wp\/v2\/comments?post=57333"}],"version-history":[{"count":1,"href":"https:\/\/progepe.ufpr.br\/portarias\/wp-json\/wp\/v2\/posts\/57333\/revisions"}],"predecessor-version":[{"id":196053,"href":"https:\/\/progepe.ufpr.br\/portarias\/wp-json\/wp\/v2\/posts\/57333\/revisions\/196053"}],"wp:attachment":[{"href":"https:\/\/progepe.ufpr.br\/portarias\/wp-json\/wp\/v2\/media?parent=57333"}],"wp:term":[{"taxonomy":"category","embeddable":true,"href":"https:\/\/progepe.ufpr.br\/portarias\/wp-json\/wp\/v2\/categories?post=57333"},{"taxonomy":"post_tag","embeddable":true,"href":"https:\/\/progepe.ufpr.br\/portarias\/wp-json\/wp\/v2\/tags?post=57333"}],"curies":[{"name":"wp","href":"https:\/\/api.w.org\/{rel}","templated":true}]}}