{"id":57410,"date":"2020-10-13T05:00:00","date_gmt":"2020-10-13T08:00:00","guid":{"rendered":"http:\/\/progepe.ufpr.br\/portal\/?post_type=portarias&#038;p=57410"},"modified":"2023-08-03T13:20:31","modified_gmt":"2023-08-03T16:20:31","slug":"rt-2020-01410","status":"publish","type":"post","link":"https:\/\/progepe.ufpr.br\/portarias\/rt-2020-01410\/","title":{"rendered":"PORTARIA N\u00ba 01410\/REITORIA, DE 13 DE OUTUBRO DE 2020"},"content":{"rendered":"\n<p><strong>O Reitor da Universidade Federal do Paran\u00e1, <\/strong>no uso de suas atribui\u00e7\u00f5es, tendo em vista o que consta no artigo 50, \u00a7 \u00danico do Regimento Geral desta Universidade e o que consta no processo n\u00ba 23075.054279\/2020-25, <\/p>\n\n\n\n<p>RESOLVE: <\/p>\n\n\n\n<p>I. Designar, a partir da data de publica\u00e7\u00e3o em DOU\ndesta Portaria at\u00e9 a nomea\u00e7\u00e3o dos novos eleitos, a servidora ADRIANA LUIZA DO\nPRADO &#8211; 344031, ocupante do cargo de professora, no regime de trabalho de dedica\u00e7\u00e3o\nexclusiva, para exercer, na qualidade de Decana, de acordo com o Art. 3\u00ba, \u00a7\n\u00danico, da Resolu\u00e7\u00e3o n\u00ba 04\/95 &#8211; COUN, a fun\u00e7\u00e3o&nbsp;de Coordenadora de Curso de\nP\u00f3s-Gradua\u00e7\u00e3o do Setor de Ci\u00eancias Exatas, FCC \u2013 Fun\u00e7\u00e3o Comissionada de\nCoordena\u00e7\u00e3o de Curso (Programa de P\u00f3s-Gradua\u00e7\u00e3o em Matem\u00e1tica em Rede Nacional\n&#8211; PROFMAT).<\/p>\n\n\n\n<p>II. A mencionada docente cumprir\u00e1,\nobrigatoriamente, o regime de trabalho de tempo integral, de acordo com o\ndisposto no \u00a7 5\u00ba, artigo 1\u00ba da Lei n\u00ba 8.168\/91.<\/p>\n\n\n\n<p>III. Convalidar, sem efeitos financeiros, no\nper\u00edodo de 15 de maio de 2020 at\u00e9 a publica\u00e7\u00e3o em DOU desta Portaria, o\nexerc\u00edcio da fun\u00e7\u00e3o de Coordenadora de Curso de P\u00f3s-Gradua\u00e7\u00e3o do Setor de\nCi\u00eancias Exatas (Programa de P\u00f3s-Gradua\u00e7\u00e3o em Matem\u00e1tica em Rede Nacional &#8211;\nPROFMAT) pela&nbsp;citada&nbsp;servidora, por ter exercido a fun\u00e7\u00e3o no per\u00edodo\ninformado.<\/p>\n\n\n\n<p class=\"has-text-align-right\"><\/p>\n","protected":false},"excerpt":{"rendered":"<p>O Reitor da Universidade Federal do Paran\u00e1, no uso de suas atribui\u00e7\u00f5es, tendo em vista o que consta no artigo 50, \u00a7 \u00danico do Regimento Geral desta Universidade e o que consta no processo n\u00ba 23075.054279\/2020-25, RESOLVE: I. Designar, a partir da data de publica\u00e7\u00e3o em DOU desta Portaria at\u00e9 a nomea\u00e7\u00e3o dos novos eleitos, [&hellip;]<\/p>\n","protected":false},"author":50,"featured_media":0,"comment_status":"closed","ping_status":"open","sticky":false,"template":"","format":"standard","meta":{"_acf_changed":false,"iawp_total_views":0,"footnotes":""},"categories":[117],"tags":[120],"class_list":["post-57410","post","type-post","status-publish","format-standard","hentry","category-rt","tag-funcao"],"acf":[],"_links":{"self":[{"href":"https:\/\/progepe.ufpr.br\/portarias\/wp-json\/wp\/v2\/posts\/57410","targetHints":{"allow":["GET"]}}],"collection":[{"href":"https:\/\/progepe.ufpr.br\/portarias\/wp-json\/wp\/v2\/posts"}],"about":[{"href":"https:\/\/progepe.ufpr.br\/portarias\/wp-json\/wp\/v2\/types\/post"}],"author":[{"embeddable":true,"href":"https:\/\/progepe.ufpr.br\/portarias\/wp-json\/wp\/v2\/users\/50"}],"replies":[{"embeddable":true,"href":"https:\/\/progepe.ufpr.br\/portarias\/wp-json\/wp\/v2\/comments?post=57410"}],"version-history":[{"count":2,"href":"https:\/\/progepe.ufpr.br\/portarias\/wp-json\/wp\/v2\/posts\/57410\/revisions"}],"predecessor-version":[{"id":90604,"href":"https:\/\/progepe.ufpr.br\/portarias\/wp-json\/wp\/v2\/posts\/57410\/revisions\/90604"}],"wp:attachment":[{"href":"https:\/\/progepe.ufpr.br\/portarias\/wp-json\/wp\/v2\/media?parent=57410"}],"wp:term":[{"taxonomy":"category","embeddable":true,"href":"https:\/\/progepe.ufpr.br\/portarias\/wp-json\/wp\/v2\/categories?post=57410"},{"taxonomy":"post_tag","embeddable":true,"href":"https:\/\/progepe.ufpr.br\/portarias\/wp-json\/wp\/v2\/tags?post=57410"}],"curies":[{"name":"wp","href":"https:\/\/api.w.org\/{rel}","templated":true}]}}