{"id":57416,"date":"2020-10-13T05:01:00","date_gmt":"2020-10-13T08:01:00","guid":{"rendered":"http:\/\/progepe.ufpr.br\/portal\/?post_type=portarias&#038;p=57416"},"modified":"2023-08-03T13:20:31","modified_gmt":"2023-08-03T16:20:31","slug":"rt-2020-01411","status":"publish","type":"post","link":"https:\/\/progepe.ufpr.br\/portarias\/rt-2020-01411\/","title":{"rendered":"PORTARIA N\u00ba 01411\/REITORIA, DE 13 DE OUTUBRO DE 2020"},"content":{"rendered":"\n<p><strong>O Reitor da Universidade Federal do Paran\u00e1, <\/strong>no uso de suas atribui\u00e7\u00f5es considerando o que consta no artigo 9\u00ba, inciso II da Lei n\u00ba 8.112\/90 e tendo em vista o que consta no processo n\u00ba 23075.053809\/2020-18, <\/p>\n\n\n\n<p>RESOLVE: <\/p>\n\n\n\n<p>I.&nbsp;Nomear, a partir da data de publica\u00e7\u00e3o em\nDOU desta Portaria, a servidora RITA ILSE HANAUER BENEDETTI &#8211; 2169588, ocupante\ndo cargo de T\u00e9cnica em Enfermagem, lotada&nbsp;&nbsp;na Se\u00e7\u00e3o do Centro Aten\u00e7\u00e3o\n\u00e0 Sa\u00fade 4 da Coordenadoria de Aten\u00e7\u00e3o Integral \u00e0 Sa\u00fade do Servidor da\nPr\u00f3-Reitoria de Gest\u00e3o de Pessoas, no regime de trabalho de 40 (quarenta) horas\nsemanais, para exercer a fun\u00e7\u00e3o gratificada de Chefe da Se\u00e7\u00e3o do Centro de\nAten\u00e7\u00e3o \u00e0 Sa\u00fade &#8211; 4, FG-03, da Coordenadoria de Aten\u00e7\u00e3o Integral \u00e0 Sa\u00fade do\nServidor da Pr\u00f3-Reitoria de Gest\u00e3o de Pessoas, autorizada pela Medida\nProvis\u00f3ria n\u00ba 1.534\/96, regulamentada pela Portaria Interministerial n\u00ba\n1.407\/96-MEC\/MARE.<\/p>\n\n\n\n<p>II. A mencionada servidora cumprir\u00e1,\nobrigatoriamente, o regime de trabalho de tempo integral, de acordo com o disposto\nno \u00a7 5\u00ba, artigo 1\u00ba da Lei n\u00ba 8.168\/91.<\/p>\n\n\n\n<p class=\"has-text-align-right\"><\/p>\n","protected":false},"excerpt":{"rendered":"<p>O Reitor da Universidade Federal do Paran\u00e1, no uso de suas atribui\u00e7\u00f5es considerando o que consta no artigo 9\u00ba, inciso II da Lei n\u00ba 8.112\/90 e tendo em vista o que consta no processo n\u00ba 23075.053809\/2020-18, RESOLVE: I.&nbsp;Nomear, a partir da data de publica\u00e7\u00e3o em DOU desta Portaria, a servidora RITA ILSE HANAUER BENEDETTI &#8211; [&hellip;]<\/p>\n","protected":false},"author":50,"featured_media":0,"comment_status":"closed","ping_status":"open","sticky":false,"template":"","format":"standard","meta":{"_acf_changed":false,"iawp_total_views":0,"footnotes":""},"categories":[117],"tags":[120],"class_list":["post-57416","post","type-post","status-publish","format-standard","hentry","category-rt","tag-funcao"],"acf":[],"_links":{"self":[{"href":"https:\/\/progepe.ufpr.br\/portarias\/wp-json\/wp\/v2\/posts\/57416","targetHints":{"allow":["GET"]}}],"collection":[{"href":"https:\/\/progepe.ufpr.br\/portarias\/wp-json\/wp\/v2\/posts"}],"about":[{"href":"https:\/\/progepe.ufpr.br\/portarias\/wp-json\/wp\/v2\/types\/post"}],"author":[{"embeddable":true,"href":"https:\/\/progepe.ufpr.br\/portarias\/wp-json\/wp\/v2\/users\/50"}],"replies":[{"embeddable":true,"href":"https:\/\/progepe.ufpr.br\/portarias\/wp-json\/wp\/v2\/comments?post=57416"}],"version-history":[{"count":2,"href":"https:\/\/progepe.ufpr.br\/portarias\/wp-json\/wp\/v2\/posts\/57416\/revisions"}],"predecessor-version":[{"id":90607,"href":"https:\/\/progepe.ufpr.br\/portarias\/wp-json\/wp\/v2\/posts\/57416\/revisions\/90607"}],"wp:attachment":[{"href":"https:\/\/progepe.ufpr.br\/portarias\/wp-json\/wp\/v2\/media?parent=57416"}],"wp:term":[{"taxonomy":"category","embeddable":true,"href":"https:\/\/progepe.ufpr.br\/portarias\/wp-json\/wp\/v2\/categories?post=57416"},{"taxonomy":"post_tag","embeddable":true,"href":"https:\/\/progepe.ufpr.br\/portarias\/wp-json\/wp\/v2\/tags?post=57416"}],"curies":[{"name":"wp","href":"https:\/\/api.w.org\/{rel}","templated":true}]}}